{"id":59227,"date":"2021-05-12T21:48:25","date_gmt":"2021-05-12T19:48:25","guid":{"rendered":"https:\/\/www.area-press.eu\/comunicatistampa\/?p=59227"},"modified":"2021-05-12T21:48:25","modified_gmt":"2021-05-12T19:48:25","slug":"bouvet-kilometri-e-il-nuovo-intenso-singolo-del-cantautore-toscano","status":"publish","type":"post","link":"https:\/\/www.area-press.eu\/comunicatistampa\/2021\/05\/12\/bouvet-kilometri-e-il-nuovo-intenso-singolo-del-cantautore-toscano\/","title":{"rendered":"BOUVET Kilometri \u00e8 il nuovo intenso singolo del cantautore toscano"},"content":{"rendered":"<p style=\"text-align: center\"><i><span style=\"font-weight: 400\">Una dolce e consapevole dichiarazione d\u2019amore che racconta la strada, imprevedibile e perfetta, che porta alla persona amata<\/span><\/i><\/p>\n<p><img decoding=\"async\" class=\"aligncenter\" src=\"https:\/\/www.earone.it\/newsimages\/bouvet-kilometri.jpeg___th_320_0.jpeg\" \/><\/p>\n<p style=\"text-align: center\"><b>Artwork Roberto Diatz<\/b><\/p>\n<p><span style=\"font-weight: 400\">Kilometri celebra l\u2019amore vivo, quel tipo di amore che ti porta a scrivere \u00ab<\/span><b><i>rifarei tutto da capo se tutto mi portasse un\u2019altra volta a te<\/i><\/b><span style=\"font-weight: 400\">\u00bb.\u00a0\u00a0<\/span><\/p>\n<p><span style=\"font-weight: 400\">La voce graffiata<\/span> <span style=\"font-weight: 400\">di Bouvet, questa volta, racconta un\u2019illuminazione. Le sue parole, fermate tra le note, parlano con esattezza di come tutto quanto all\u2019improvviso acquista un senso e ora, quella strada, \u00e8 nitida davanti agli occhi e non poteva essere pi\u00f9 giusta di cos\u00ec.\u00a0<\/span><\/p>\n<p><i><span style=\"font-weight: 400\">\u00abQuando senti fortemente qualcosa le parole escono da sole e Kilometri questo me lo ha fatto comprendere a pieno. Non fraintendetemi: scrivo sempre di ci\u00f2 che vivo e sento, ma solitamente tendo a riguardare e a riascoltare ci\u00f2 che butto gi\u00f9 in un primo momento. Questa volta per\u00f2 non \u00e8 stato necessario farlo, la \u201cprima versione\u201d \u00e8 uscita dal cuore ed era gi\u00e0 in bella copia, forse perch\u00e9 l\u2019amore non ha bisogno di mettersi in ghingheri, o forse perch\u00e9 prima di uscire si assicura di aver lasciato la ragione a casa<\/span><\/i><span style=\"font-weight: 400\">\u00bb <\/span><b>Bouvet<\/b><\/p>\n<p><iframe loading=\"lazy\" title=\"Bouvet - Kilometri - Official Video\" width=\"500\" height=\"281\" src=\"https:\/\/www.youtube.com\/embed\/TlCM9wRVZRw?feature=oembed\" frameborder=\"0\" allow=\"accelerometer; autoplay; clipboard-write; encrypted-media; gyroscope; picture-in-picture; web-share\" referrerpolicy=\"strict-origin-when-cross-origin\" allowfullscreen><\/iframe><\/p>\n<p><span style=\"font-weight: 400\">Etichetta:<\/span><b> Rusty Records<\/b><\/p>\n<p><span style=\"font-weight: 400\">Radio date: <\/span><b>16 aprile 2021<\/b><\/p>\n<p>&nbsp;<\/p>\n<p><span style=\"font-weight: 400\">Contatti e social<\/span><\/p>\n<p><b>Web: <\/b><a href=\"https:\/\/www.iosonobouvet.it\"><span style=\"font-weight: 400\">https:\/\/www.iosonobouvet.it<\/span><\/a><\/p>\n<p><b>Facebook: <\/b><a href=\"https:\/\/www.facebook.com\/iosonobouvet\/\"><span style=\"font-weight: 400\">https:\/\/www.facebook.com\/iosonobouvet\/<\/span><\/a><\/p>\n<p><b>Instagram:<\/b> <a href=\"https:\/\/www.instagram.com\/iosonobouvet\/\"><span style=\"font-weight: 400\">https:\/\/www.instagram.com\/iosonobouvet\/<\/span><\/a><\/p>\n<p><b>AppleMusic:<\/b> <span style=\"font-weight: 400\">https:\/\/music.apple.com\/it\/artist\/bouvet\/1469908914<\/span><\/p>\n<p><b>Spotify: <\/b><span style=\"font-weight: 400\">https:\/\/open.spotify.com\/artist\/3I399W4zfZlQctdNCrX81r?si=-2vwqP6wT8mGMwaM1_ruuw<\/span><\/p>\n<p><b>Management: <\/b><span style=\"font-weight: 400\">Rusty <\/span><span style=\"font-weight: 400\">info@rusty.it<\/span><\/p>\n<p>&nbsp;<\/p>\n<p><b>CHI \u00c8 BOUVET?<\/b><\/p>\n<p><b>Filippo Checchi,<\/b><span style=\"font-weight: 400\"> classe 1989, viene da Pietrasanta (LU), nasce dal rap, ora \u00e8 BOUVET.<\/span><\/p>\n<p><span style=\"font-weight: 400\">Nella mia famiglia non ci sono musicisti, n\u00e9 produttori o cantanti. Non fraintendetemi, in casa mia la musica \u00e8 sempre esistita; ricordo ancora mia madre gi\u00f9 in cucina con la radio accesa a tutto volume, ma diciamo che in salotto non c\u2019erano chitarre o altri strumenti musicali, n\u00e9 un microfono o un sequencer. Niente. Fino ai miei 16 anni, almeno, fino a quando mi innamorai del rap e della scrittura e decisi di buttarmi a capofitto in quelli che sarebbero stati i miei primi brani. Da l\u00ec, sono successe diverse cose: ci sono state soddisfazioni e delusioni, persone di passaggio e altre con cui mi confronto tutt\u2019oggi. Durante questo percorso mi \u00e8 capitato di esibirmi in giro per l\u2019Italia, collaborare e crescere, cercando di dare sfogo alle mie idee e cercando di vivere a pieno e a cuore aperto la mia musica, la stessa musica che mi ha portato a conoscere <\/span><b>Mirko Mangano<\/b><span style=\"font-weight: 400\">, mio attuale arrangiatore e partner artistico; quello con Mirko \u00e8 stato un incontro fondamentale per ci\u00f2 che faccio e sono oggi.<\/span><\/p>\n<p><span style=\"font-weight: 400\">Nel 2018 l\u2019incontro con <\/span><b>Maurizio \u201cRusty\u201d Rugginenti <\/b><span style=\"font-weight: 400\">della Rusty Records (mio attuale manager) e la Urban Sound di <\/span><b>Fabrizio Barbacci<\/b><span style=\"font-weight: 400\"> (Ligabue, Negrita&#8230;) e <\/span><b>Stefano Francesconi<\/b><span style=\"font-weight: 400\"> che da subito apprezzano le mie canzoni e credono in me e cos\u00ec arriva il primo contratto discografico con la Rusty Records. Nel 2019 escono i miei primi 3 singoli \u201c<\/span><i><span style=\"font-weight: 400\">Notte Blu<\/span><\/i><span style=\"font-weight: 400\">\u201d, \u201c<\/span><i><span style=\"font-weight: 400\">Casa mia, Casa tua, Casa nostra<\/span><\/i><span style=\"font-weight: 400\">\u201d e \u201c<\/span><i><span style=\"font-weight: 400\">Dentro Piove<\/span><\/i><span style=\"font-weight: 400\">\u201d brano presentato lo stesso anno al festival di Sanremo. A settembre 2020 esce il singolo \u201c<\/span><i><span style=\"font-weight: 400\">Vedi Me<\/span><\/i><span style=\"font-weight: 400\">\u201d e a dicembre esce su tutte le piattaforme il singolo \u201c<\/span><i><span style=\"font-weight: 400\">Hopper<\/span><\/i><span style=\"font-weight: 400\">\u201d<\/span><\/p>\n","protected":false},"excerpt":{"rendered":"<p>Una dolce e consapevole dichiarazione d\u2019amore che racconta la strada, imprevedibile e perfetta, che porta alla persona amata Artwork Roberto Diatz Kilometri celebra l\u2019amore vivo, quel tipo di amore che ti porta a scrivere \u00abrifarei tutto da capo se tutto mi portasse un\u2019altra volta a te\u00bb.\u00a0\u00a0 La voce graffiata di Bouvet, questa volta, racconta un\u2019illuminazione. [&hellip;]<\/p>\n","protected":false},"author":4383,"featured_media":0,"comment_status":"open","ping_status":"open","sticky":false,"template":"","format":"standard","meta":{"footnotes":""},"categories":[12],"tags":[25871,4244,690,3583,3584],"class_list":["post-59227","post","type-post","status-publish","format-standard","hentry","category-musica","tag-bouvet","tag-cantautorato","tag-nuovo-singolo","tag-video","tag-videoclip"],"_links":{"self":[{"href":"https:\/\/www.area-press.eu\/comunicatistampa\/wp-json\/wp\/v2\/posts\/59227","targetHints":{"allow":["GET"]}}],"collection":[{"href":"https:\/\/www.area-press.eu\/comunicatistampa\/wp-json\/wp\/v2\/posts"}],"about":[{"href":"https:\/\/www.area-press.eu\/comunicatistampa\/wp-json\/wp\/v2\/types\/post"}],"author":[{"embeddable":true,"href":"https:\/\/www.area-press.eu\/comunicatistampa\/wp-json\/wp\/v2\/users\/4383"}],"replies":[{"embeddable":true,"href":"https:\/\/www.area-press.eu\/comunicatistampa\/wp-json\/wp\/v2\/comments?post=59227"}],"version-history":[{"count":2,"href":"https:\/\/www.area-press.eu\/comunicatistampa\/wp-json\/wp\/v2\/posts\/59227\/revisions"}],"predecessor-version":[{"id":59231,"href":"https:\/\/www.area-press.eu\/comunicatistampa\/wp-json\/wp\/v2\/posts\/59227\/revisions\/59231"}],"wp:attachment":[{"href":"https:\/\/www.area-press.eu\/comunicatistampa\/wp-json\/wp\/v2\/media?parent=59227"}],"wp:term":[{"taxonomy":"category","embeddable":true,"href":"https:\/\/www.area-press.eu\/comunicatistampa\/wp-json\/wp\/v2\/categories?post=59227"},{"taxonomy":"post_tag","embeddable":true,"href":"https:\/\/www.area-press.eu\/comunicatistampa\/wp-json\/wp\/v2\/tags?post=59227"}],"curies":[{"name":"wp","href":"https:\/\/api.w.org\/{rel}","templated":true}]}}