{"id":59021,"date":"2021-05-09T14:24:43","date_gmt":"2021-05-09T12:24:43","guid":{"rendered":"https:\/\/www.area-press.eu\/comunicatistampa\/?p=59021"},"modified":"2021-05-09T14:24:43","modified_gmt":"2021-05-09T12:24:43","slug":"le-porte-interne-come-design-darredo","status":"publish","type":"post","link":"https:\/\/www.area-press.eu\/comunicatistampa\/2021\/05\/09\/le-porte-interne-come-design-darredo\/","title":{"rendered":"Le porte interne come design d&#8217;arredo"},"content":{"rendered":"<p>Le porte interne sono un componente fondamentale in ogni abitazione, sia per quel che riguarda lo svolgere il loro ruolo funzionale che \u00e8 quello di suddividere gli ambienti e garantire la privacy, sia che quello di elemento di arredo vero e proprio. Le porte hanno infatti un ruolo non indifferente nel design di un&#8217;abitazione e sono in grado di contribuire a migliorare l&#8217;estetica generale di un ambiente. Per questo motivo il loro stile ed i colori devono certamente coordinarsi con quello del resto dell&#8217;arredo presente in casa o in ufficio.<\/p>\n<p>Ricorda Dunque che oggi \u00e8 possibile avere porte di ogni tipo e dimensione Grazie ai falegnami che ancora oggi realizzano <a href=\"https:\/\/www.falegnamelittame.it\/\">mobili su misura a Milano<\/a>, e che possono realizzare per te ogni tipo di arredo. Dalla porta battente a quella scorrevole, passando per la porta a libro, \u00a0ogni soluzione pu\u00f2 prendere forma. Il consiglio \u00e8 quello di affidare ad un esperto anche la rilevazione delle misurazioni per evitare di sbagliare. Sar\u00e0 lui stesso a consigliarti circa il materiale e le soluzioni pi\u00f9 adatte per le tue nuove porte, le quali possono anche avere l\u2019elemento centrale in vetro che oggi sta tornando di moda.<\/p>\n<p>Non hai dunque che da guadagnarci affidando la realizzazione delle nuove porte di casa ad un artigiano realmente in grado di dar vita a dei veri e propri elementi d\u2019arredo che rappresenteranno certamente un valore aggiungo nella tua casa, rendendola un ambiente ancora pi\u00f9 particolare e piacevole da vivere.<\/p>\n","protected":false},"excerpt":{"rendered":"<p>Le porte interne sono un componente fondamentale in ogni abitazione, sia per quel che riguarda lo svolgere il loro ruolo funzionale che \u00e8 quello di suddividere gli ambienti e garantire la privacy, sia che quello di elemento di arredo vero e proprio. Le porte hanno infatti un ruolo non indifferente nel design di un&#8217;abitazione e [&hellip;]<\/p>\n","protected":false},"author":107,"featured_media":0,"comment_status":"open","ping_status":"open","sticky":false,"template":"","format":"standard","meta":{"footnotes":""},"categories":[18],"tags":[],"class_list":["post-59021","post","type-post","status-publish","format-standard","hentry","category-altri-vari"],"_links":{"self":[{"href":"https:\/\/www.area-press.eu\/comunicatistampa\/wp-json\/wp\/v2\/posts\/59021","targetHints":{"allow":["GET"]}}],"collection":[{"href":"https:\/\/www.area-press.eu\/comunicatistampa\/wp-json\/wp\/v2\/posts"}],"about":[{"href":"https:\/\/www.area-press.eu\/comunicatistampa\/wp-json\/wp\/v2\/types\/post"}],"author":[{"embeddable":true,"href":"https:\/\/www.area-press.eu\/comunicatistampa\/wp-json\/wp\/v2\/users\/107"}],"replies":[{"embeddable":true,"href":"https:\/\/www.area-press.eu\/comunicatistampa\/wp-json\/wp\/v2\/comments?post=59021"}],"version-history":[{"count":1,"href":"https:\/\/www.area-press.eu\/comunicatistampa\/wp-json\/wp\/v2\/posts\/59021\/revisions"}],"predecessor-version":[{"id":59022,"href":"https:\/\/www.area-press.eu\/comunicatistampa\/wp-json\/wp\/v2\/posts\/59021\/revisions\/59022"}],"wp:attachment":[{"href":"https:\/\/www.area-press.eu\/comunicatistampa\/wp-json\/wp\/v2\/media?parent=59021"}],"wp:term":[{"taxonomy":"category","embeddable":true,"href":"https:\/\/www.area-press.eu\/comunicatistampa\/wp-json\/wp\/v2\/categories?post=59021"},{"taxonomy":"post_tag","embeddable":true,"href":"https:\/\/www.area-press.eu\/comunicatistampa\/wp-json\/wp\/v2\/tags?post=59021"}],"curies":[{"name":"wp","href":"https:\/\/api.w.org\/{rel}","templated":true}]}}