{"id":58305,"date":"2021-04-08T10:31:06","date_gmt":"2021-04-08T08:31:06","guid":{"rendered":"https:\/\/www.area-press.eu\/comunicatistampa\/?p=58305"},"modified":"2021-04-08T10:31:06","modified_gmt":"2021-04-08T08:31:06","slug":"questo-e-il-nuovissimo-lookbook-della-collezione-di-abiti-da-sposa-berta","status":"publish","type":"post","link":"https:\/\/www.area-press.eu\/comunicatistampa\/2021\/04\/08\/questo-e-il-nuovissimo-lookbook-della-collezione-di-abiti-da-sposa-berta\/","title":{"rendered":"Questo \u00e8 il nuovissimo lookbook della collezione di abiti da sposa Berta"},"content":{"rendered":"<p>Il luned\u00ec mattina pu\u00f2 essere difficile, soprattutto in questo periodo dell&#8217;anno.\u00a0Ma i pendolari giornalieri piovosi, le riunioni di un&#8217;ora e quell&#8217;enorme mucchio di e-mail nella tua casella di posta possono aspettare.\u00a0Perch\u00e9 abbiamo qualcosa di assolutamente bello da mostrarti.<\/p>\n<p>Questo \u00e8 il nuovissimo lookbook per la collezione di abiti da sposa Berta per l&#8217;autunno 2017, un&#8217;esclusiva mondiale.<\/p>\n<p><img decoding=\"async\" src=\"http:\/\/www.gillne.it\/i\/9ce2-ws1qb-abito-da-damigella-con-increspature-mini-naturale-a-line-in-chiffon.jpg\" data-ke-src=\"http:\/\/www.gillne.it\/i\/9ce2-ws1qb-abito-da-damigella-con-increspature-mini-naturale-a-line-in-chiffon.jpg\" \/>\u200b<br \/>\nQuesta collezione ha fatto scalpore sulle passerelle della Bridal Fashion Week e quando la scorsa settimana ne abbiamo condiviso un&#8217;anteprima su Instagram, \u00e8 stato uno dei nostri post pi\u00f9 amati.<\/p>\n<p>Quindi \u00e8 sicuro di dire, pensiamo che ti piacer\u00e0.<\/p>\n<p>Gli abiti da sposa Berta sono sempre una collezione molto attesa, per i loro design audaci, i dettagli lussuosi e le silhouette sexy.\u00a0Ma per l&#8217;autunno 2017\u00a0<a href=\"http:\/\/www.gillne.it\/u\/a-spiaggia-abiti-da-sposa-c12\" data-ke-src=\"http:\/\/www.gillne.it\/u\/a-spiaggia-abiti-da-sposa-c12\">abiti da sposa a spiaggia<\/a>, la designer ha aggiunto un tocco di romanticismo al suo stile caratteristico\u00a0<a href=\"http:\/\/www.gillne.it\/u\/lunghi-abiti-da-cerimonia-c16\" data-ke-src=\"http:\/\/www.gillne.it\/u\/lunghi-abiti-da-cerimonia-c16\">abito da cerimonia lungo<\/a>, con trame simili a nuvole e abbellimenti floreali.\u00a0Inoltre un tocco di glamour newyorkese per il lookbook.<\/p>\n<p><img decoding=\"async\" src=\"http:\/\/www.gillne.it\/i\/9ce2-ktt80-abito-da-damigella-in-pizzo-cerniera-a-terra-in-chiffon-senza-maniche.jpg\" data-ke-src=\"http:\/\/www.gillne.it\/i\/9ce2-ktt80-abito-da-damigella-in-pizzo-cerniera-a-terra-in-chiffon-senza-maniche.jpg\" \/><\/p>\n","protected":false},"excerpt":{"rendered":"<p>Il luned\u00ec mattina pu\u00f2 essere difficile, soprattutto in questo periodo dell&#8217;anno.\u00a0Ma i pendolari giornalieri piovosi, le riunioni di un&#8217;ora e quell&#8217;enorme mucchio di e-mail nella tua casella di posta possono aspettare.\u00a0Perch\u00e9 abbiamo qualcosa di assolutamente bello da mostrarti. Questo \u00e8 il nuovissimo lookbook per la collezione di abiti da sposa Berta per l&#8217;autunno 2017, un&#8217;esclusiva [&hellip;]<\/p>\n","protected":false},"author":4745,"featured_media":0,"comment_status":"open","ping_status":"open","sticky":false,"template":"","format":"standard","meta":{"footnotes":""},"categories":[29],"tags":[],"class_list":["post-58305","post","type-post","status-publish","format-standard","hentry","category-comunicati"],"_links":{"self":[{"href":"https:\/\/www.area-press.eu\/comunicatistampa\/wp-json\/wp\/v2\/posts\/58305","targetHints":{"allow":["GET"]}}],"collection":[{"href":"https:\/\/www.area-press.eu\/comunicatistampa\/wp-json\/wp\/v2\/posts"}],"about":[{"href":"https:\/\/www.area-press.eu\/comunicatistampa\/wp-json\/wp\/v2\/types\/post"}],"author":[{"embeddable":true,"href":"https:\/\/www.area-press.eu\/comunicatistampa\/wp-json\/wp\/v2\/users\/4745"}],"replies":[{"embeddable":true,"href":"https:\/\/www.area-press.eu\/comunicatistampa\/wp-json\/wp\/v2\/comments?post=58305"}],"version-history":[{"count":1,"href":"https:\/\/www.area-press.eu\/comunicatistampa\/wp-json\/wp\/v2\/posts\/58305\/revisions"}],"predecessor-version":[{"id":58306,"href":"https:\/\/www.area-press.eu\/comunicatistampa\/wp-json\/wp\/v2\/posts\/58305\/revisions\/58306"}],"wp:attachment":[{"href":"https:\/\/www.area-press.eu\/comunicatistampa\/wp-json\/wp\/v2\/media?parent=58305"}],"wp:term":[{"taxonomy":"category","embeddable":true,"href":"https:\/\/www.area-press.eu\/comunicatistampa\/wp-json\/wp\/v2\/categories?post=58305"},{"taxonomy":"post_tag","embeddable":true,"href":"https:\/\/www.area-press.eu\/comunicatistampa\/wp-json\/wp\/v2\/tags?post=58305"}],"curies":[{"name":"wp","href":"https:\/\/api.w.org\/{rel}","templated":true}]}}