{"id":58277,"date":"2021-04-08T09:24:29","date_gmt":"2021-04-08T07:24:29","guid":{"rendered":"https:\/\/www.area-press.eu\/comunicatistampa\/?p=58277"},"modified":"2021-04-08T09:24:29","modified_gmt":"2021-04-08T07:24:29","slug":"nicola-bedin-presidente-di-snam-approvate-le-modifiche-allo-statuto-proposte-dal-cda","status":"publish","type":"post","link":"https:\/\/www.area-press.eu\/comunicatistampa\/2021\/04\/08\/nicola-bedin-presidente-di-snam-approvate-le-modifiche-allo-statuto-proposte-dal-cda\/","title":{"rendered":"Nicola Bedin, Presidente di Snam: approvate le modifiche allo statuto proposte dal CdA"},"content":{"rendered":"<p><em><strong>\u201cEnergia per ispirare il mondo\u201d: Snam, presieduta da <a title=\"Nicola Bedin: modifiche allo statuto di Snam\" href=\"http:\/\/www.greengoenergy.eu\/nicola-bedin-sostenibilita-e-parita-di-genere-entrano-nello-statuto-di-snam\/\">Nicola Bedin<\/a>, inserisce il \u201ccorporate purpose\u201d nello statuto, a riprova dell\u2019impegno sul fronte della sostenibilit\u00e0 economica, ambientale e sociale.<\/strong><\/em><\/p>\n<p><a title=\"Nicola Bedin, &quot;corporate purpose&quot; di Snam\" href=\"http:\/\/www.greengoenergy.eu\/nicola-bedin-sostenibilita-e-parita-di-genere-entrano-nello-statuto-di-snam\/\"><img decoding=\"async\" src=\"https:\/\/www.greengoenergy.eu\/wp-content\/uploads\/2021\/03\/nicola-bedin.jpg\" alt=\"Nicola Bedin\" width=\"120\" \/><\/a><\/p>\n<h2>Nicola Bedin: focus sul \u201ccorporate purpose\u201d di Snam, inserito nello statuto<\/h2>\n<p>Su proposta del CdA presieduto da <strong>Nicola Bedin<\/strong>, l\u2019Assemblea degli Azionisti di Snam riunitasi in sede straordinaria lo scorso 2 febbraio ha approvato la modifica dell\u2019articolo 2 dello statuto con l\u2019inserimento del \u201ccorporate purpose\u201d. Il nome, \u201cEnergia per ispirare il mondo\u201d, ne riflette efficacemente il valore: l\u2019iniziativa sancisce infatti l\u2019impegno della societ\u00e0 nel conformare le proprie attivit\u00e0 sul perseguimento di una crescita sostenibile e nell\u2019orientare la transizione energetica \u201c<em>verso forme di utilizzo delle risorse e delle fonti di energia compatibili con la tutela dell\u2019ambiente e la progressiva decarbonizzazione<\/em>\u201d. In questa direzione guarda anche il Piano Strategico 2020-2024, il primo lanciato sotto la presidenza di <strong>Nicola Bedin<\/strong>, nominato nel ruolo lo scorso giugno: attraverso maggiori investimenti punta al raggiungimento della neutralit\u00e0 carbonica nel 2040 e a un incremento degli investimenti dedicati alla transizione energetica e all&#8217;adeguamento delle infrastrutture della societ\u00e0 al trasporto e allo stoccaggio dell&#8217;idrogeno. Il modello di business di Snam \u00e8 sempre pi\u00f9 permeato da principi legati alla sostenibilit\u00e0 economica, ambientale e sociale: i fattori ESG ne improntano le scelte a beneficio di tutti gli stakeholder.<\/p>\n<h2>Snam: il percorso formativo e professionale del Presidente Nicola Bedin<\/h2>\n<p>Sostenibilit\u00e0 ma anche parit\u00e0 di genere: lo scorso 2 febbraio l\u2019Assemblea degli Azionisti convocata sotto la presidenza di <a title=\"Nicola Bedin: perseguimento del successo sostenibile\" href=\"http:\/\/www.greengoenergy.eu\/nicola-bedin-sostenibilita-e-parita-di-genere-entrano-nello-statuto-di-snam\/\">Nicola Bedin<\/a> ha approvato modifiche relative agli articoli 12, 13 e 24 adeguando le vigenti disposizioni statutarie in materia di modalit\u00e0 di elezione dei componenti del Consiglio di Amministrazione alle nuove disposizioni in materia di equilibrio tra i generi di cui al comma 1-ter dell\u2019art. 147-ter del TUF, come modificato dalla cd. Legge di Bilancio 2020. Inoltre \u00e8 stata approvata l\u2019introduzione di una clausola transitoria che prevede che tali disposizioni statutarie troveranno applicazione a decorrere dal prossimo rinnovo del Consiglio di Amministrazione (nuovo comma secondo dell\u2019art. 24 dello Statuto). <strong>Nicola Bedin<\/strong>, originario di Montebelluna (TV), \u00e8 arrivato alla presidenza di Snam nel giugno 2020. \u00c8 il Presidente pi\u00f9 giovane delle 40 principali societ\u00e0 quotate d\u2019Italia, come riportato in un articolo di \u201cForbes\u201d lo scorso 23 febbraio.<\/p>\n","protected":false},"excerpt":{"rendered":"<p>\u201cEnergia per ispirare il mondo\u201d: Snam, presieduta da Nicola Bedin, inserisce il \u201ccorporate purpose\u201d nello statuto, a riprova dell\u2019impegno sul fronte della sostenibilit\u00e0 economica, ambientale e sociale. Nicola Bedin: focus sul \u201ccorporate purpose\u201d di Snam, inserito nello statuto Su proposta del CdA presieduto da Nicola Bedin, l\u2019Assemblea degli Azionisti di Snam riunitasi in sede straordinaria [&hellip;]<\/p>\n","protected":false},"author":6793,"featured_media":0,"comment_status":"open","ping_status":"open","sticky":false,"template":"","format":"standard","meta":{"footnotes":""},"categories":[5],"tags":[28928],"class_list":["post-58277","post","type-post","status-publish","format-standard","hentry","category-aziendali","tag-nicola-bedin"],"_links":{"self":[{"href":"https:\/\/www.area-press.eu\/comunicatistampa\/wp-json\/wp\/v2\/posts\/58277","targetHints":{"allow":["GET"]}}],"collection":[{"href":"https:\/\/www.area-press.eu\/comunicatistampa\/wp-json\/wp\/v2\/posts"}],"about":[{"href":"https:\/\/www.area-press.eu\/comunicatistampa\/wp-json\/wp\/v2\/types\/post"}],"author":[{"embeddable":true,"href":"https:\/\/www.area-press.eu\/comunicatistampa\/wp-json\/wp\/v2\/users\/6793"}],"replies":[{"embeddable":true,"href":"https:\/\/www.area-press.eu\/comunicatistampa\/wp-json\/wp\/v2\/comments?post=58277"}],"version-history":[{"count":1,"href":"https:\/\/www.area-press.eu\/comunicatistampa\/wp-json\/wp\/v2\/posts\/58277\/revisions"}],"predecessor-version":[{"id":58278,"href":"https:\/\/www.area-press.eu\/comunicatistampa\/wp-json\/wp\/v2\/posts\/58277\/revisions\/58278"}],"wp:attachment":[{"href":"https:\/\/www.area-press.eu\/comunicatistampa\/wp-json\/wp\/v2\/media?parent=58277"}],"wp:term":[{"taxonomy":"category","embeddable":true,"href":"https:\/\/www.area-press.eu\/comunicatistampa\/wp-json\/wp\/v2\/categories?post=58277"},{"taxonomy":"post_tag","embeddable":true,"href":"https:\/\/www.area-press.eu\/comunicatistampa\/wp-json\/wp\/v2\/tags?post=58277"}],"curies":[{"name":"wp","href":"https:\/\/api.w.org\/{rel}","templated":true}]}}