{"id":58231,"date":"2021-04-07T11:16:54","date_gmt":"2021-04-07T09:16:54","guid":{"rendered":"https:\/\/www.area-press.eu\/comunicatistampa\/?p=58231"},"modified":"2021-04-07T11:16:54","modified_gmt":"2021-04-07T09:16:54","slug":"frecciarossa-covid-free-milano-roma-lo-annuncia-lad-di-fs-italiane-gianfranco-battisti","status":"publish","type":"post","link":"https:\/\/www.area-press.eu\/comunicatistampa\/2021\/04\/07\/frecciarossa-covid-free-milano-roma-lo-annuncia-lad-di-fs-italiane-gianfranco-battisti\/","title":{"rendered":"Frecciarossa Covid free Milano &#8211; Roma: lo annuncia l\u2019AD di FS Italiane Gianfranco Battisti"},"content":{"rendered":"<p><em><strong>Alla presentazione del treno sanitario e hub vaccinale, presso la stazione Termini di Roma, l\u2019AD di FS Italiane <a href=\"https:\/\/www.liberoquotidiano.it\/news\/italia\/26465810\/trasporti-da-aprile-frecciarossa-covid-free-milano-roma-lo-annuncia-ad-fs-gianfranco-battisti.html\" title=\"Gianfranco Battisti: presentazione treno sanitario\">Gianfranco Battisti<\/a> ha annunciato che, a partire da aprile, il Frecciarossa Covid free collegher\u00e0 Milano alla Capitale.<\/strong><\/em><\/p>\n<p><a href=\"https:\/\/www.liberoquotidiano.it\/news\/italia\/26465810\/trasporti-da-aprile-frecciarossa-covid-free-milano-roma-lo-annuncia-ad-fs-gianfranco-battisti.html\" title=\"Gianfranco Battisti: realizzazione del treno Covid free\"><img decoding=\"async\" alt=\"Gianfranco Battisti\" src=\"https:\/\/img2.liberoquotidiano.it\/images\/2021\/03\/08\/155259493-69b6be3d-2c55-4aca-924a-1e1086bb91c2.jpg\" width=\"120\" \/><\/a><\/p>\n<h2> Gianfranco Battisti: \u201c<em>Vogliamo realizzare un treno Covid free, che andr\u00e0 inizialmente a Roma e Milano<\/em>\u201d<\/h2>\n<p>Inizialmente collegher\u00e0 Milano e Roma ma l\u2019obiettivo \u00e8 il raggiungimento delle destinazioni turistiche in estate. Il progetto del Gruppo FS Italiane \u00e8 la realizzazione di un treno Covid free che, a partire da aprile, consentir\u00e0 ai viaggiatori di muoversi in maggiore sicurezza. Lo ha annunciato l\u2019Amministratore Delegato <strong>Gianfranco Battisti<\/strong>alla presentazione del treno sanitario e hub vaccinale, presso la stazione Termini di Roma. La scelta di Roma e Milano \u00e8 soltanto \u201c<em>la fase di test<\/em>\u201d. Il manager ha infatti evidenziato come l\u2019obiettivo sia l\u2019implementazione di questa soluzione \u201c<em>soprattutto sulle destinazioni turistiche per l&#8217;estate e questa sar\u00e0 una occasione straordinaria che permette di arrivare a destinazioni, come Venezia e Firenze, in assoluta sicurezza sanitaria<\/em>\u201d. <strong>Gianfranco Battisti<\/strong> ha concluso sottolineando la collaborazione con la Croce rossa per fare i test prima di salire a bordo sia al personale, ma soprattutto ai passeggeri.<\/p>\n<h2>Gianfranco Battisti presenta il treno sanitario e inaugura l\u2019hub vaccinale <\/h2>\n<p>Il Frecciarossa Covid free \u00e8 solo una delle numerose iniziative del Gruppo FS Italiane che hanno l\u2019obiettivo di dare un importante sostegno al Paese in questo delicato momento. Presso la stazione Termini di Roma, l\u2019Amministratore Delegato <a href=\"https:\/\/www.liberoquotidiano.it\/news\/italia\/26465810\/trasporti-da-aprile-frecciarossa-covid-free-milano-roma-lo-annuncia-ad-fs-gianfranco-battisti.html\" title=\"Gianfranco Battisti inaugura l'hub vaccinale\">Gianfranco Battisti<\/a> ha presentato il treno sanitario, un convoglio messo a disposizione per la gestione di emergenze nazionali o internazionali. Dotato di personale sanitario dedicato su carrozze equipaggiate con specifiche attrezzature mediche, il mezzo funger\u00e0 come trasporto dei pazienti verso altre zone d\u2019Italia o all\u2019estero per alleggerire la pressione sulle strutture ospedaliere e come Posto Medico Avanzato, rappresentando un\u2019integrazione al servizio sanitario territoriale per la gestione delle emergenze. Contemporaneamente, \u00e8 stato inaugurato da <strong>Gianfranco Battisti<\/strong> l\u2019hub vaccinale, una struttura allestita dal Gruppo FS Italiane in piazza dei Cinquecento che, grazie alla dotazione di 21 postazioni, due delle quali dedicate alle persone con disabilit\u00e0, consentir\u00e0 a pieno regime di arrivare a 1.500 vaccinazioni al giorno. \u00a0<\/p>\n","protected":false},"excerpt":{"rendered":"<p>Alla presentazione del treno sanitario e hub vaccinale, presso la stazione Termini di Roma, l\u2019AD di FS Italiane Gianfranco Battisti ha annunciato che, a partire da aprile, il Frecciarossa Covid free collegher\u00e0 Milano alla Capitale. Gianfranco Battisti: \u201cVogliamo realizzare un treno Covid free, che andr\u00e0 inizialmente a Roma e Milano\u201d Inizialmente collegher\u00e0 Milano e Roma [&hellip;]<\/p>\n","protected":false},"author":6486,"featured_media":0,"comment_status":"open","ping_status":"open","sticky":false,"template":"","format":"standard","meta":{"footnotes":""},"categories":[5],"tags":[27894,27603],"class_list":["post-58231","post","type-post","status-publish","format-standard","hentry","category-aziendali","tag-fs-italiane","tag-gianfranco-battisti"],"_links":{"self":[{"href":"https:\/\/www.area-press.eu\/comunicatistampa\/wp-json\/wp\/v2\/posts\/58231","targetHints":{"allow":["GET"]}}],"collection":[{"href":"https:\/\/www.area-press.eu\/comunicatistampa\/wp-json\/wp\/v2\/posts"}],"about":[{"href":"https:\/\/www.area-press.eu\/comunicatistampa\/wp-json\/wp\/v2\/types\/post"}],"author":[{"embeddable":true,"href":"https:\/\/www.area-press.eu\/comunicatistampa\/wp-json\/wp\/v2\/users\/6486"}],"replies":[{"embeddable":true,"href":"https:\/\/www.area-press.eu\/comunicatistampa\/wp-json\/wp\/v2\/comments?post=58231"}],"version-history":[{"count":1,"href":"https:\/\/www.area-press.eu\/comunicatistampa\/wp-json\/wp\/v2\/posts\/58231\/revisions"}],"predecessor-version":[{"id":58233,"href":"https:\/\/www.area-press.eu\/comunicatistampa\/wp-json\/wp\/v2\/posts\/58231\/revisions\/58233"}],"wp:attachment":[{"href":"https:\/\/www.area-press.eu\/comunicatistampa\/wp-json\/wp\/v2\/media?parent=58231"}],"wp:term":[{"taxonomy":"category","embeddable":true,"href":"https:\/\/www.area-press.eu\/comunicatistampa\/wp-json\/wp\/v2\/categories?post=58231"},{"taxonomy":"post_tag","embeddable":true,"href":"https:\/\/www.area-press.eu\/comunicatistampa\/wp-json\/wp\/v2\/tags?post=58231"}],"curies":[{"name":"wp","href":"https:\/\/api.w.org\/{rel}","templated":true}]}}