{"id":58128,"date":"2021-04-01T14:31:45","date_gmt":"2021-04-01T12:31:45","guid":{"rendered":"https:\/\/www.area-press.eu\/comunicatistampa\/?p=58128"},"modified":"2021-04-01T14:31:45","modified_gmt":"2021-04-01T12:31:45","slug":"parchi-divertimento-filo-diretto-con-garavaglia-per-pianificare-le-riaperture","status":"publish","type":"post","link":"https:\/\/www.area-press.eu\/comunicatistampa\/2021\/04\/01\/parchi-divertimento-filo-diretto-con-garavaglia-per-pianificare-le-riaperture\/","title":{"rendered":"Parchi divertimento: filo diretto con Garavaglia per pianificare le riaperture"},"content":{"rendered":"<p><em>\u201cI bambini e le loro famiglie non vedono l\u2019ora di tornare a divertirsi nei nostri parchi e noi siamo pronti ad accoglierli in totale sicurezza. Le attivit\u00e0 si svolgono all\u2019aperto, con ampi spazi a disposizione e sotto il controllo di personale preposto, a differenza di quanto pu\u00f2 accadere nelle aree gioco dei parchi pubblici o, pi\u00f9 semplicemente, per strada. Contingentiamo gli ingressi per evitare ogni rischio di assembramento e abbiamo predisposto severi protocolli di sicurezza che hanno gi\u00e0 ampiamente dimostrato la loro efficacia lo scorso anno\u201d.<\/em>\u00a0<strong>Giuseppe Ira, Presidente dell\u2019<a href=\"http:\/\/www.parchipermanenti.it\/\">Associazione Parchi Permanenti Italiani<\/a>\u00a0e di Leolandia (BG)<\/strong>\u00a0esprime con queste parole la posizione del comparto, che in Italia conta circa 230 strutture tra parchi a tema, faunistici ed acquatici.<\/p>\n<h2>Il commento di Giuseppe Ira, Presidente Associazione Parchi Permanenti Italiani<\/h2>\n<p><em>\u201cPer essere operative<\/em>\u00a0\u2013 prosegue\u00a0<strong>Ira<\/strong>\u00a0\u2013\u00a0<em>le nostre strutture hanno bisogno di\u00a0<strong>almeno 6 settimane di preavviso:<\/strong>\u00a0luned\u00ec 29 marzo, in occasione del Consiglio Direttivo di Federturismo, abbiamo nuovamente incontrato il\u00a0<strong>Ministro Massimo Garavaglia<\/strong>\u00a0che ha sottolineato la sensibilit\u00e0 di tutto il Governo verso le problematiche dei parchi permanenti. Ci aspettiamo quindi a breve termine indicazioni adeguate in merito alle prospettive di riapertura per le nostre aziende\u201d.<\/em><\/p>\n<p>La riapertura dei parchi, fermi da ottobre, permetterebbe di\u00a0<strong>ridare ossigeno al settore, con particolare riferimento alle imprese di piccole e medie dimensioni che registrano perdite fino all\u201980%.<\/strong>\u00a0Tolti i big player facenti gi\u00e0 capo a gruppi multinazionali, il comparto \u00e8 costituito da centinaia di realt\u00e0 che non hanno voce, pur giocando un ruolo importante nell\u2019ambito dell\u2019economia del territorio. Nel 2019 i parchi permanenti hanno generato un\u00a0<strong>giro d\u2019affari di 400 milioni di euro e 25.000 posti di lavoro diretti.<\/strong>\u00a0Cifre che salgono rispettivamente a 1 miliardo di euro e 60.000 occupati considerando l\u2019indotto composto da hotel, ristorazione, merchandising, manutenzione e altre voci collaterali. Nel 2020, il\u00a0<strong>20% dei parchi ha rinunciato completamente alla stagione, con una perdita di 10.000 posti di lavoro e 5 realt\u00e0 italiane sono passate sotto il controllo di gruppi di investimento stranieri.<\/strong><\/p>\n<p><em>\u201cUn altro nodo da sciogliere<\/em>\u00a0\u2013 conclude\u00a0<strong>Ira<\/strong>\u00a0\u2013\u00a0<em>\u00e8 quello dei ristori: le imprese turistiche hanno la possibilit\u00e0 di accedere a forme di finanziamento a tasso agevolato e lunga scadenza che per noi sarebbero di vitale importanza.\u00a0<strong>Il Ministro Garavaglia<\/strong>, che ringrazio per la disponibilit\u00e0,\u00a0<strong>ha annunciato che sta studiando l\u2019emissione di mini-bond e ha riconosciuto la legittimit\u00e0 della nostra richiesta di passare sotto la competenza del Turismo<\/strong>, garantendo che si attiver\u00e0 per valutare i necessari interventi sul piano tecnico normativo\u201d.<\/em><\/p>\n<h2>I dati dei parchi divertimento<\/h2>\n<p>Con 20 milioni di visitatori italiani nel 2019, 1.5 milioni di visitatori stranieri e 1.1 milioni di pernottamenti in hotel, l\u2019industria dei parchi divertimento gioca un ruolo essenziale nel sistema dell\u2019offerta turistica del Paese; ciononostante, ad oggi i parchi divertimento sono inseriti nella categoria \u201cCirchi e Spettacoli Viaggianti\u201d e fanno capo ai Beni Culturali.<\/p>\n","protected":false},"excerpt":{"rendered":"<p>\u201cI bambini e le loro famiglie non vedono l\u2019ora di tornare a divertirsi nei nostri parchi e noi siamo pronti ad accoglierli in totale sicurezza. Le attivit\u00e0 si svolgono all\u2019aperto, con ampi spazi a disposizione e sotto il controllo di personale preposto, a differenza di quanto pu\u00f2 accadere nelle aree gioco dei parchi pubblici o, [&hellip;]<\/p>\n","protected":false},"author":49,"featured_media":0,"comment_status":"open","ping_status":"open","sticky":false,"template":"","format":"standard","meta":{"footnotes":""},"categories":[29],"tags":[29386,23760,23759],"class_list":["post-58128","post","type-post","status-publish","format-standard","hentry","category-comunicati","tag-garavaglia","tag-giuseppe-ira","tag-parchi-permanenti-italiani"],"_links":{"self":[{"href":"https:\/\/www.area-press.eu\/comunicatistampa\/wp-json\/wp\/v2\/posts\/58128","targetHints":{"allow":["GET"]}}],"collection":[{"href":"https:\/\/www.area-press.eu\/comunicatistampa\/wp-json\/wp\/v2\/posts"}],"about":[{"href":"https:\/\/www.area-press.eu\/comunicatistampa\/wp-json\/wp\/v2\/types\/post"}],"author":[{"embeddable":true,"href":"https:\/\/www.area-press.eu\/comunicatistampa\/wp-json\/wp\/v2\/users\/49"}],"replies":[{"embeddable":true,"href":"https:\/\/www.area-press.eu\/comunicatistampa\/wp-json\/wp\/v2\/comments?post=58128"}],"version-history":[{"count":1,"href":"https:\/\/www.area-press.eu\/comunicatistampa\/wp-json\/wp\/v2\/posts\/58128\/revisions"}],"predecessor-version":[{"id":58133,"href":"https:\/\/www.area-press.eu\/comunicatistampa\/wp-json\/wp\/v2\/posts\/58128\/revisions\/58133"}],"wp:attachment":[{"href":"https:\/\/www.area-press.eu\/comunicatistampa\/wp-json\/wp\/v2\/media?parent=58128"}],"wp:term":[{"taxonomy":"category","embeddable":true,"href":"https:\/\/www.area-press.eu\/comunicatistampa\/wp-json\/wp\/v2\/categories?post=58128"},{"taxonomy":"post_tag","embeddable":true,"href":"https:\/\/www.area-press.eu\/comunicatistampa\/wp-json\/wp\/v2\/tags?post=58128"}],"curies":[{"name":"wp","href":"https:\/\/api.w.org\/{rel}","templated":true}]}}