{"id":5787,"date":"2016-02-01T14:33:45","date_gmt":"2016-02-01T13:33:45","guid":{"rendered":"http:\/\/www.area-press.eu\/comunicatistampa\/?p=5787"},"modified":"2016-02-01T14:33:45","modified_gmt":"2016-02-01T13:33:45","slug":"cori-mercoledi-mattina-manifestazione-contro-la-nuova-cava-di-monte-maiurro","status":"publish","type":"post","link":"https:\/\/www.area-press.eu\/comunicatistampa\/2016\/02\/01\/cori-mercoledi-mattina-manifestazione-contro-la-nuova-cava-di-monte-maiurro\/","title":{"rendered":"Cori: mercoled\u00ec mattina manifestazione contro la nuova cava di Monte Maiurro"},"content":{"rendered":"<p><strong>Mercoled\u00ec 3 Febbraio, alle ore 11, in localit\u00e0 fosso Scolaguardia, in via San Nicola<\/strong>, sito individuato per l\u2019apertura della nuova cava di calcare a Cori, nei pressi del Monte Maiurro, recentemente autorizzata dagli uffici della Regione Lazio, si terr\u00e0 una <strong>manifestazione<\/strong> promossa da <strong>Circolo Legambiente \u2018Cora Viridis\u2019<\/strong>, <strong>Amministrazione comunale di Cori <\/strong>e <strong>Comitato \u2018NO Cava\u2019<\/strong>. Sar\u00e0 presente il Sindaco Tommaso Conti, i suoi assessori e consiglieri, e i volontari ambientalisti. Tra gli invitati i primi cittadini di: Sermoneta, Maenza, Sezze, Pontinia, Norma, Roccasecca, Bassiano e Carpineto Romano.<\/p>\n<p>Sulla scia delle iniziative intraprese dal Comune di Cori e della mozione approvata in Consiglio comunale il mese scorso, <strong>l\u2019azione vuole ribadire la contrariet\u00e0<\/strong> della comunit\u00e0 locale e di altre realt\u00e0 provinciali <strong>a questo e ad ulteriori sfregi al paesaggio<\/strong>, in un territorio che aveva finora retto al proliferare indiscriminato di escavazioni, in una regione, il Lazio, tra le pi\u00f9 scavate d\u2019Italia, come conferma uno degli ultimi rapporti nazionali del Cigno Verde, che nelle prossime settimane terr\u00e0 altri presidi nelle zone pi\u00f9 sensibili della provincia di Latina.<\/p>\n<p>In un periodo in cui l\u2019edilizia \u00e8 in forte calo <strong>non vi \u00e8<\/strong> <strong>alcun rilevante interesse socio economico sovracomunale <\/strong>a procedere, e nel caso specifico l\u2019eventuale presenza di tre cave in un fazzoletto di terra (Monte Maiurro, Contrada Perunio, Colle Medico) potrebbe addirittura aprire la strada all\u2019<strong>ipotesi di costituzione di un polo estrattivo<\/strong>, che significherebbe poter continuare a scavare ad oltranza. Una situazione ancor pi\u00f9 grave se si pensa all\u2019<strong>irrisorio ritorno di benefici per la collettivit\u00e0 <\/strong>derivante dall\u2019attivit\u00e0 estrattiva, ed anche in questo caso il Lazio detiene un primato negativo.<\/p>\n<p>Allo stesso tempo si punta a riportare l\u2019intera materia al centro dell\u2019attenzione e della decisione politica, per evitare che scelte cos\u00ec rilevanti continuino ad essere demandate ai burocrati regionali senza alcun controllo politico. <strong>La potest\u00e0 programmatoria in questo settore spetta esclusivamente ai Comuni, nell\u2019ambito del Piano Regionale delle Attivit\u00e0 Estrattive<\/strong>. Per questo motivo si rinnova l\u2019invito alla Regione Lazio a rimettere il tema cavazione in cima alla sua agenda politica, a ripensare le modalit\u00e0 di programmazione dell\u2019attivit\u00e0 estrattiva e a rivedere la normativa di riferimento.<\/p>\n","protected":false},"excerpt":{"rendered":"<p>Mercoled\u00ec 3 Febbraio, alle ore 11, in localit\u00e0 fosso Scolaguardia, in via San Nicola, sito individuato per l\u2019apertura della nuova cava di calcare a Cori, nei pressi del Monte Maiurro, recentemente autorizzata dagli uffici della Regione Lazio, si terr\u00e0 una manifestazione promossa da Circolo Legambiente \u2018Cora Viridis\u2019, Amministrazione comunale di Cori e Comitato \u2018NO Cava\u2019. [&hellip;]<\/p>\n","protected":false},"author":659,"featured_media":0,"comment_status":"open","ping_status":"open","sticky":false,"template":"","format":"standard","meta":{"footnotes":""},"categories":[4],"tags":[],"class_list":["post-5787","post","type-post","status-publish","format-standard","hentry","category-attualita-e-societa"],"_links":{"self":[{"href":"https:\/\/www.area-press.eu\/comunicatistampa\/wp-json\/wp\/v2\/posts\/5787","targetHints":{"allow":["GET"]}}],"collection":[{"href":"https:\/\/www.area-press.eu\/comunicatistampa\/wp-json\/wp\/v2\/posts"}],"about":[{"href":"https:\/\/www.area-press.eu\/comunicatistampa\/wp-json\/wp\/v2\/types\/post"}],"author":[{"embeddable":true,"href":"https:\/\/www.area-press.eu\/comunicatistampa\/wp-json\/wp\/v2\/users\/659"}],"replies":[{"embeddable":true,"href":"https:\/\/www.area-press.eu\/comunicatistampa\/wp-json\/wp\/v2\/comments?post=5787"}],"version-history":[{"count":1,"href":"https:\/\/www.area-press.eu\/comunicatistampa\/wp-json\/wp\/v2\/posts\/5787\/revisions"}],"predecessor-version":[{"id":5788,"href":"https:\/\/www.area-press.eu\/comunicatistampa\/wp-json\/wp\/v2\/posts\/5787\/revisions\/5788"}],"wp:attachment":[{"href":"https:\/\/www.area-press.eu\/comunicatistampa\/wp-json\/wp\/v2\/media?parent=5787"}],"wp:term":[{"taxonomy":"category","embeddable":true,"href":"https:\/\/www.area-press.eu\/comunicatistampa\/wp-json\/wp\/v2\/categories?post=5787"},{"taxonomy":"post_tag","embeddable":true,"href":"https:\/\/www.area-press.eu\/comunicatistampa\/wp-json\/wp\/v2\/tags?post=5787"}],"curies":[{"name":"wp","href":"https:\/\/api.w.org\/{rel}","templated":true}]}}