{"id":57701,"date":"2021-03-26T08:55:14","date_gmt":"2021-03-26T07:55:14","guid":{"rendered":"https:\/\/www.area-press.eu\/comunicatistampa\/?p=57701"},"modified":"2021-03-26T08:55:14","modified_gmt":"2021-03-26T07:55:14","slug":"unisin-campania-lavoro-banche-territorio-sindacato-attualita-e-prospettive-al-tempo-del-covid-19","status":"publish","type":"post","link":"https:\/\/www.area-press.eu\/comunicatistampa\/2021\/03\/26\/unisin-campania-lavoro-banche-territorio-sindacato-attualita-e-prospettive-al-tempo-del-covid-19\/","title":{"rendered":"UNISIN CAMPANIA: Lavoro, banche, territorio, sindacato: attualit\u00e0 e prospettive al tempo del Covid-19"},"content":{"rendered":"<p>Si terr\u00e0 marted\u00ec <strong>23 marzo alle ore 16:00 la Web Conference \u201c<em>Lavoro, banche, territorio, sindacato: attualit\u00e0 e prospettive al tempo del Covid-19<\/em>\u201d<\/strong>, su piattaforma Zoom, <strong>organizzata da UNISIN REGIONALE CAMPANIA con il patrocinio dell\u2019Ordine dei Giornalisti della Campania e dell\u2019Ufficio della Consigliera di Parit\u00e0 della Citt\u00e0 Metropolitana di Napoli.<\/strong><\/p>\n<p>\u201cAbbiamo ritenuto opportuno organizzare, &#8211; afferma <strong>Massimiliano Iannaccone, presidente di UNISIN Regionale CAMPANIA<\/strong> &#8211; in questo periodo cos\u00ec complesso a causa della pandemia da Covid-19, per il nostro Paese e per la regione Campania, un momento di incontro e confronto costruttivo per discutere di alcuni temi fondamentali per la vita delle persone e delle lavoratrici e dei lavoratori con i quali ci confrontiamo quotidianamente nel nostro lavoro di dirigenti sindacali di un settore, quello del credito, in prima linea sul territorio\u201d.<\/p>\n<p>\u201cGli ambiti di discussione &#8211; aggiunge <strong>Bianca Desideri, segretario regionale responsabile di UNISIN Regionale CAMPANIA<\/strong> anche con delega alle pari opportunit\u00e0 &#8211;\u00a0 toccano da vicino l\u2019economia, il lavoro, l\u2019azione del sindacato e, in particolare quello del mondo del settore bancario e esattoriale nei quali operiamo come dirigenti sindacali, l\u2019istruzione e la formazione, le tante problematiche di un territorio complesso come quello della regione Campania.\u00a0 A discutere dei temi al centro dell\u2019incontro saranno con noi politici, rappresentanti delle Istituzioni e dei media, docenti universitari, esperti (psicologi e avvocati) per un\u2019analisi della situazione attuale e delle prospettive del dopo Covid\u201d.<\/p>\n<p>\u201cSar\u00e0 presente al dibattito &#8211; proseguono Massimiliano Iannaccone e Bianca Desideri &#8211; il <strong>segretario generale di UNISIN Emilio Contrasto<\/strong>\u201d.<\/p>\n<p>Interverranno: <strong>On.le Gennaro Migliore<\/strong>,deputato, commissione Affari Esteri e comunitari, Commissione Parlamentare di inchiesta sul fenomeno delle mafie e sulle altre associazioni criminali anche straniere; <strong>dott.ssa Isabella Bonfiglio<\/strong>, consigliera di parit\u00e0 della Citt\u00e0 Metropolitana di Napoli; <strong>dott. Ottavio Lucarelli<\/strong>, presidente Ordine dei Giornalisti della Campania; <strong>dott. Domenico Falco<\/strong>, vicepresidente Ordine dei Giornalisti della Campania; <strong>dott. Emilio Contrasto<\/strong>, segretario generale UNISIN; <strong>Sen. Giuseppe Scalera<\/strong>, gi\u00e0 senatore della Repubblica; <strong>on.le Stefano Caldoro<\/strong>, gi\u00e0 Presidente della Regione Campania; <strong>avv. prof. Umberto Aleotti<\/strong>, docente di diritto internazionale Scuola Superiore per Mediatori Linguistici (SSML) di Maddaloni (CE); <strong>prof.ssa Giovanna Mugione<\/strong>, dirigente scolastico I.S. \u201cG.Marconi\u201d, Giugliano in Campania; <strong>avv. Francesco Macleod<\/strong>, avvocato giuslavorista; <strong>dott. Paolo Pappone<\/strong>, componente Comitato Unitario di Garanzia A.S. Mobbing e disadattamento lavorativo ASL Napoli 1 Centro; <strong>dott.ssa Assunta Landri<\/strong>, psicologa-psicoterapeuta, consulente Procura della Repubblica presso Tribunale di Napoli, Sportello d\u2019ascolto QUIperTE UNISIN Regionale Campania; <strong>prof.ssa Antonella Bat\u00e0<\/strong>, docente di diritto Facolt\u00e0 di Ingegneria Universit\u00e0 degli Studi di Napoli \u201cFederico II\u201d.<\/p>\n<p>\u201cLe esigenze dei territori, delle Colleghe e dei Colleghi che lavorano in banca sono alla continua attenzione del nostro lavoro quotidiano come sindacalisti &#8211; concludono <strong>Andrea Brancaleone, Francesco Grandine e Luigi Sarro, vice segretari regionali di UNISIN Regionale CAMPANIA<\/strong>\u201d che interverranno portando testimonianze dal settore bancario.<\/p>\n","protected":false},"excerpt":{"rendered":"<p>Si terr\u00e0 marted\u00ec 23 marzo alle ore 16:00 la Web Conference \u201cLavoro, banche, territorio, sindacato: attualit\u00e0 e prospettive al tempo del Covid-19\u201d, su piattaforma Zoom, organizzata da UNISIN REGIONALE CAMPANIA con il patrocinio dell\u2019Ordine dei Giornalisti della Campania e dell\u2019Ufficio della Consigliera di Parit\u00e0 della Citt\u00e0 Metropolitana di Napoli. \u201cAbbiamo ritenuto opportuno organizzare, &#8211; afferma [&hellip;]<\/p>\n","protected":false},"author":6877,"featured_media":0,"comment_status":"open","ping_status":"open","sticky":false,"template":"","format":"standard","meta":{"footnotes":""},"categories":[7],"tags":[3000,723],"class_list":["post-57701","post","type-post","status-publish","format-standard","hentry","category-economia-e-finanza","tag-home","tag-news"],"_links":{"self":[{"href":"https:\/\/www.area-press.eu\/comunicatistampa\/wp-json\/wp\/v2\/posts\/57701","targetHints":{"allow":["GET"]}}],"collection":[{"href":"https:\/\/www.area-press.eu\/comunicatistampa\/wp-json\/wp\/v2\/posts"}],"about":[{"href":"https:\/\/www.area-press.eu\/comunicatistampa\/wp-json\/wp\/v2\/types\/post"}],"author":[{"embeddable":true,"href":"https:\/\/www.area-press.eu\/comunicatistampa\/wp-json\/wp\/v2\/users\/6877"}],"replies":[{"embeddable":true,"href":"https:\/\/www.area-press.eu\/comunicatistampa\/wp-json\/wp\/v2\/comments?post=57701"}],"version-history":[{"count":1,"href":"https:\/\/www.area-press.eu\/comunicatistampa\/wp-json\/wp\/v2\/posts\/57701\/revisions"}],"predecessor-version":[{"id":57702,"href":"https:\/\/www.area-press.eu\/comunicatistampa\/wp-json\/wp\/v2\/posts\/57701\/revisions\/57702"}],"wp:attachment":[{"href":"https:\/\/www.area-press.eu\/comunicatistampa\/wp-json\/wp\/v2\/media?parent=57701"}],"wp:term":[{"taxonomy":"category","embeddable":true,"href":"https:\/\/www.area-press.eu\/comunicatistampa\/wp-json\/wp\/v2\/categories?post=57701"},{"taxonomy":"post_tag","embeddable":true,"href":"https:\/\/www.area-press.eu\/comunicatistampa\/wp-json\/wp\/v2\/tags?post=57701"}],"curies":[{"name":"wp","href":"https:\/\/api.w.org\/{rel}","templated":true}]}}