{"id":5767,"date":"2016-02-01T14:33:45","date_gmt":"2016-02-01T13:33:45","guid":{"rendered":"http:\/\/www.area-press.eu\/comunicatistampa\/?p=5767"},"modified":"2016-02-01T14:33:45","modified_gmt":"2016-02-01T13:33:45","slug":"da-cori-a-oswiecim-viaggio-della-memoria-e-non-solo","status":"publish","type":"post","link":"https:\/\/www.area-press.eu\/comunicatistampa\/2016\/02\/01\/da-cori-a-oswiecim-viaggio-della-memoria-e-non-solo\/","title":{"rendered":"Da Cori a O\u015bwi\u0119cim: Viaggio della Memoria e non solo"},"content":{"rendered":"<p>Sono tornati dal loro <strong>\u2018Viaggio della Memoria\u2019 <\/strong>carichi di emozioni i 13 studenti e i due docenti accompagnatori dell\u2019Istituto Comprensivo Statale \u2018Cesare Chiominto\u2019. Anche quest\u2019anno, il nono consecutivo, le Amministrazioni comunali di Cori e Rocca Massima hanno voluto garantire questa esperienza educativa unica agli alunni delle classi della scuola media inferiore \u2018A. Massari\u2019 di Cori e della pari grado \u2018Don Silvestro Radicchi\u2019 di Giulianello.<\/p>\n<p>Cracovia e il ghetto ebraico Kazimierz, set del film Shindler\u2019s List; Wadowice e la casa natale di Papa Giovanni Paolo II; Wieliczka e le sue miniere di salgemma, tra le tappe di questi giorni, ma soprattutto la <strong>visita al campo di sterminio di Auschwitz-Birkenau.<\/strong> Provare ad immaginare come sia stato \u2018vivere\u2019 in quel luogo ancora intriso di dolore e sofferenza ha commosso, rattristato, impietrito i ragazzi. Li ha fatti indignare l\u2019assenza di una giustificazione umanamente possibile a quel massacro senza piet\u00e0 di milioni di uomini, donne e bambini.<\/p>\n<p>\u00c8 rientrata anche la Delegazione comunale composta dal Sindaco Tommaso Conti e dagli assessori Chiara Cochi e Mauro De Lillis, ospite della cittadina di <em>O\u015bwi\u0119cim per il<\/em> <strong>71\u00b0 anniversario della Liberazione del campo di concentramento<\/strong>, <em>insieme alle rappresentanze polacche ed europee delle citt\u00e0 amiche di O\u015bwi\u0119cim. Alle cerimonie per la Giornata Europea della Memoria erano presenti autorit\u00e0 istituzionali, politiche e culturali internazionali.<\/em><\/p>\n<p><em>Gli incontri con gli amministratori di O\u015bwi\u0119cim sono serviti a stringere i rapporti di amicizia con questa citt\u00e0, <\/em>teatro di una delle pi\u00f9 grandi tragedie dell\u2019umanit\u00e0, ma che sta rinascendo nel segno della pace, fiorente di teatri, scuole, biblioteche, mostre, concerti, attivit\u00e0 commerciali, centri giovanili. <strong>Le relazioni tra Cori e <\/strong><em><strong>O\u015bwi\u0119cim<\/strong><\/em><strong> culmineranno prossimamente, con il beneplacito del Consiglio Comunale, in un gemellaggio<\/strong> utile al paese, e soprattutto agli scambi culturali tra i giovani.<\/p>\n<p>Altro momento importante per la Delegazione, la <strong>visita all\u2019Istituto Italiano di Cultura a Cracovia, accolti dal direttore, Ugo Rufino<\/strong>, che ha proposto ai delegati coresi di organizzare nel mese di Marzo presso lo stesso Istituto Italiano di Cultura a Cracovia (un milione di abitanti, di cui seimila parlano italiano) una giornata dedicata unicamente a Cori e alla promozione dei suoi prodotti tipici, della sua storia e della sua cultura.<\/p>\n","protected":false},"excerpt":{"rendered":"<p>Sono tornati dal loro \u2018Viaggio della Memoria\u2019 carichi di emozioni i 13 studenti e i due docenti accompagnatori dell\u2019Istituto Comprensivo Statale \u2018Cesare Chiominto\u2019. Anche quest\u2019anno, il nono consecutivo, le Amministrazioni comunali di Cori e Rocca Massima hanno voluto garantire questa esperienza educativa unica agli alunni delle classi della scuola media inferiore \u2018A. Massari\u2019 di Cori [&hellip;]<\/p>\n","protected":false},"author":659,"featured_media":0,"comment_status":"open","ping_status":"open","sticky":false,"template":"","format":"standard","meta":{"footnotes":""},"categories":[4],"tags":[],"class_list":["post-5767","post","type-post","status-publish","format-standard","hentry","category-attualita-e-societa"],"_links":{"self":[{"href":"https:\/\/www.area-press.eu\/comunicatistampa\/wp-json\/wp\/v2\/posts\/5767","targetHints":{"allow":["GET"]}}],"collection":[{"href":"https:\/\/www.area-press.eu\/comunicatistampa\/wp-json\/wp\/v2\/posts"}],"about":[{"href":"https:\/\/www.area-press.eu\/comunicatistampa\/wp-json\/wp\/v2\/types\/post"}],"author":[{"embeddable":true,"href":"https:\/\/www.area-press.eu\/comunicatistampa\/wp-json\/wp\/v2\/users\/659"}],"replies":[{"embeddable":true,"href":"https:\/\/www.area-press.eu\/comunicatistampa\/wp-json\/wp\/v2\/comments?post=5767"}],"version-history":[{"count":1,"href":"https:\/\/www.area-press.eu\/comunicatistampa\/wp-json\/wp\/v2\/posts\/5767\/revisions"}],"predecessor-version":[{"id":5768,"href":"https:\/\/www.area-press.eu\/comunicatistampa\/wp-json\/wp\/v2\/posts\/5767\/revisions\/5768"}],"wp:attachment":[{"href":"https:\/\/www.area-press.eu\/comunicatistampa\/wp-json\/wp\/v2\/media?parent=5767"}],"wp:term":[{"taxonomy":"category","embeddable":true,"href":"https:\/\/www.area-press.eu\/comunicatistampa\/wp-json\/wp\/v2\/categories?post=5767"},{"taxonomy":"post_tag","embeddable":true,"href":"https:\/\/www.area-press.eu\/comunicatistampa\/wp-json\/wp\/v2\/tags?post=5767"}],"curies":[{"name":"wp","href":"https:\/\/api.w.org\/{rel}","templated":true}]}}