{"id":57599,"date":"2021-03-19T03:50:14","date_gmt":"2021-03-19T02:50:14","guid":{"rendered":"https:\/\/www.area-press.eu\/comunicatistampa\/?p=57599"},"modified":"2021-03-19T03:50:14","modified_gmt":"2021-03-19T02:50:14","slug":"pro-biennale-2021-sgarbi-e-tanti-altri-nel-cuore-di-venezia-per-larte-che-non-si-ferma","status":"publish","type":"post","link":"https:\/\/www.area-press.eu\/comunicatistampa\/2021\/03\/19\/pro-biennale-2021-sgarbi-e-tanti-altri-nel-cuore-di-venezia-per-larte-che-non-si-ferma\/","title":{"rendered":"Pro Biennale 2021: Sgarbi e tanti altri nel cuore di Venezia per l\u2019arte che non si ferma"},"content":{"rendered":"<p>Torna anche quest\u2019anno la mostra internazionale <strong>Pro Biennale<\/strong>, che si terr\u00e0 nel mese di <strong>maggio<\/strong> nella splendida cornice dello <strong>Spoleto Pavilion<\/strong>, ovvero lo storico <strong>Palazzo Ivancich<\/strong>, a 300 metri da Piazza San Marco, a <strong>Venezia<\/strong>, nel contesto della <strong>Biennale<\/strong>. L\u2019esposizione, alla quale parteciperanno <strong>artisti provenienti da diversi Paesi nel mondo<\/strong>, \u00e8 ormai da anni un appuntamento imperdibile per i tanti esperti ed appassionati d\u2019arte contemporanea italiana ed internazionale.<\/p>\n<p>L\u2019edizione 2021, organizzata come di consueto dal manager e curatore di mostre e grandi eventi <strong>Salvo Nugnes<\/strong>, vede il contributo di grandi nomi del mondo dell\u2019arte e della cultura come <strong>Vittorio Sgarbi<\/strong>, <strong>Francesco Alberoni<\/strong>, sociologo di fama mondiale, <strong>Maria Rita Parsi<\/strong>, scrittrice e psicoterapeuta, il direttore del Tgcom 24 <strong>Paolo Liguori<\/strong>, lo storico e presidente del Vittoriale degli Italiani <strong>Giordano Bruno Guerri<\/strong>, il noto critico d\u2019arte <strong>Luca Beatrice<\/strong>, i galleristi <strong>Jean Blanchaert<\/strong>, braccio destro di Philippe Daverio, e <strong>Maria Lorena Franchi<\/strong>, <strong>Katia Ricciarelli<\/strong>, soprano e attrice, <strong>Silvana Giacobini<\/strong>, gi\u00e0 direttore di Chi e Diva e Donna, <strong>Roberto Villa<\/strong>, famoso fotografo, amico dei grandi Pasolini e Dario Fo, la curatrice <strong>Flavia Sagnelli<\/strong>, <strong>Caterina Grifoni<\/strong>, presidente FIDAPA sez. SP ed altri, nonch\u00e9 di istituzioni come il Presidente della Regione Veneto <strong>Luca Zaia<\/strong>, il sindaco <strong>Luigi Brugnaro<\/strong> e l\u2019assessore <strong>Paola Mar<\/strong>.<\/p>\n<p>All\u2019inaugurazione, inoltre, si esibir\u00e0 il Maestro <strong>Simone Piazzola<\/strong>, baritono della Scala di Milano.<\/p>\n<p>Queste le significative parole di <strong>Vittorio Sgarbi <\/strong>sull\u2019importante rassegna:<\/p>\n<p>\u00abLa Pro Biennale \u00e8 la vera Biennale d\u2019arte in Italia. Una possibilit\u00e0 per gli artisti di esprimersi liberamente ed essere considerati.\u00bb<\/p>\n<p>L\u2019intento della Pro Biennale, infatti, \u00e8 quello di dare la possibilit\u00e0 ad artisti affermati e nuovi talenti di diventare i veri protagonisti nella citt\u00e0 d\u2019arte per eccellenza.<\/p>\n<p>Per informazioni sulle selezioni: 388 7338297 &#8211; 0424 525190 &#8211; <a href=\"mailto:artfactory.eventi@gmail.com\">artfactory.eventi@gmail.com<\/a><\/p>\n<p><img loading=\"lazy\" decoding=\"async\" class=\"\" src=\"https:\/\/www.probiennale.it\/assets\/img\/locandina-probiennale-2021.jpg\" alt=\"\" width=\"485\" height=\"686\" \/><\/p>\n","protected":false},"excerpt":{"rendered":"<p>Torna anche quest\u2019anno la mostra internazionale Pro Biennale, che si terr\u00e0 nel mese di maggio nella splendida cornice dello Spoleto Pavilion, ovvero lo storico Palazzo Ivancich, a 300 metri da Piazza San Marco, a Venezia, nel contesto della Biennale. L\u2019esposizione, alla quale parteciperanno artisti provenienti da diversi Paesi nel mondo, \u00e8 ormai da anni un [&hellip;]<\/p>\n","protected":false},"author":3367,"featured_media":0,"comment_status":"open","ping_status":"open","sticky":false,"template":"","format":"standard","meta":{"footnotes":""},"categories":[3,8],"tags":[],"class_list":["post-57599","post","type-post","status-publish","format-standard","hentry","category-arte-e-cultura","category-eventi"],"_links":{"self":[{"href":"https:\/\/www.area-press.eu\/comunicatistampa\/wp-json\/wp\/v2\/posts\/57599","targetHints":{"allow":["GET"]}}],"collection":[{"href":"https:\/\/www.area-press.eu\/comunicatistampa\/wp-json\/wp\/v2\/posts"}],"about":[{"href":"https:\/\/www.area-press.eu\/comunicatistampa\/wp-json\/wp\/v2\/types\/post"}],"author":[{"embeddable":true,"href":"https:\/\/www.area-press.eu\/comunicatistampa\/wp-json\/wp\/v2\/users\/3367"}],"replies":[{"embeddable":true,"href":"https:\/\/www.area-press.eu\/comunicatistampa\/wp-json\/wp\/v2\/comments?post=57599"}],"version-history":[{"count":1,"href":"https:\/\/www.area-press.eu\/comunicatistampa\/wp-json\/wp\/v2\/posts\/57599\/revisions"}],"predecessor-version":[{"id":57600,"href":"https:\/\/www.area-press.eu\/comunicatistampa\/wp-json\/wp\/v2\/posts\/57599\/revisions\/57600"}],"wp:attachment":[{"href":"https:\/\/www.area-press.eu\/comunicatistampa\/wp-json\/wp\/v2\/media?parent=57599"}],"wp:term":[{"taxonomy":"category","embeddable":true,"href":"https:\/\/www.area-press.eu\/comunicatistampa\/wp-json\/wp\/v2\/categories?post=57599"},{"taxonomy":"post_tag","embeddable":true,"href":"https:\/\/www.area-press.eu\/comunicatistampa\/wp-json\/wp\/v2\/tags?post=57599"}],"curies":[{"name":"wp","href":"https:\/\/api.w.org\/{rel}","templated":true}]}}