{"id":5759,"date":"2016-02-01T14:33:45","date_gmt":"2016-02-01T13:33:45","guid":{"rendered":"http:\/\/www.area-press.eu\/comunicatistampa\/?p=5759"},"modified":"2016-02-01T14:33:45","modified_gmt":"2016-02-01T13:33:45","slug":"marcialonga-story-atto-iv-in-scena-lamarcord-dello-sci-di-fondo","status":"publish","type":"post","link":"https:\/\/www.area-press.eu\/comunicatistampa\/2016\/02\/01\/marcialonga-story-atto-iv-in-scena-lamarcord-dello-sci-di-fondo\/","title":{"rendered":"MARCIALONGA STORY ATTO IV: IN SCENA L\u2019AMARCORD DELLO SCI DI FONDO"},"content":{"rendered":"<p>Tanti i protagonisti della \u201cStory\u201d come Antonella Confortola e Jonathan Wyatt<\/p>\n<p>Andrea Zorzi taglia per primo il traguardo davanti al padre Claudio<\/p>\n<p>Autentici pezzi d\u2019antiquariato presenti alla manifestazione<\/p>\n<p>Domani la 43\u00aa Marcialonga di Fiemme e Fassa (TN)<\/p>\n<p>&nbsp;<\/p>\n<p>&nbsp;<\/p>\n<p>Oggi in scena l\u2019affascinante revival dello sci di fondo, una \u201ccavalcata storica\u201d di 11 km da Lago di Tesero a Predazzo che ha conquistato tutti, dal primo all\u2019ultimo partecipante. \u00c8 parso d\u2019essere tornati indietro nel tempo, scorgendo fondisti alle prese con sci in legno, scarpe in cuoio con puntale quadrato e racchette di bamb\u00f9, rigorosamente antecedenti il 1976, anno spartiacque che segn\u00f2 il passaggio ad attacchi pi\u00f9 piccoli rispetto ai precedenti 75 mm. All\u2019emozionante colpo d\u2019occhio hanno partecipato anche la \u2018coppia di stelle\u2019 Antonella Confortola, bronzo olimpico in staffetta a Torino 2006, ed il marito Jonathan Wyatt, campionissimo di corsa in montagna. Antonella \u00e8 raggiante: \u201cQuesta manifestazione mi \u00e8 sempre piaciuta molto, ho trovato alcuni vestiti di mio nonno (Silvio Confortola, fondista e scialpinista azzurro &#8211; ndr) risalenti alle Olimpiadi di Saint Moritz del 1948 (durante le quali Silvio venne affettuosamente soprannominato \u2018il vecio\u2019, come concorrente pi\u00f9 anziano) e li ho consegnati a Jonathan: \u201cBel ricordo di come andarono le vicende in passato, dovremmo tornare a vestirci cos\u00ec anche oggi!\u201d. I due poi sono stati protagonisti anche alla Marcialonga Stars e alla Minimarcialonga, con la Confortola a fare da apripista alla gara dei piccoli.<\/p>\n<p>Tanti i presenti illustri che non hanno voluto farsi mancare questo palpitante amarcord, a cominciare dal direttore generale di Marcialonga Gloria Trettel e dal presidente del comitato Nordic Ski Fiemme Bruno Felicetti: \u201cSono contentissimo d\u2019essermi iscritto a questa mitica Story, feci la gara \u2018regina\u2019 una volta sola ed ora posso solo permettermi questa rievocazione, bello veder partecipare cos\u00ec tante persone entusiaste, passando delle ore in amicizia, complimenti agli organizzatori per aver tenuto assieme questa bellissima iniziativa\u201d. Andrea Zorzi si \u00e8 \u201caggiudicato\u201d la quarta Marcialonga Story, concludendo davanti al padre Claudio: \u201cSono molto contento, una neve fantastica, una grande preparazione in vista di domani\u201d. Prima a raggiungere Predazzo tra le donne Tania Trettel: \u201cRingrazio la compagna di mio fratello che mi ha fatto da \u2018lepre\u2019 e mio pap\u00e0 da skiman\u201d. Presente anche la \u2018memoria\u2019 della Marcialonga, \u00e8 il caso di Giuseppe Gabrielli, che di Marcialonghe ne ha fatte ben 24: \u201cMi sono divertito tantissimo, sfida sempre tirata, la pista \u00e8 molto bella, complimenti al settore organizzativo di Marcialonga!\u201d, ed appassionati che hanno arricchito l\u2019evento con veri e propri \u2018reperti archeologici\u2019: \u201cQuesti sci sono del 1962 \u2013 sostiene Enrico Pedretti, quarantun Marcialonghe all\u2019attivo, solamente una persa \u2013 e questi bastoni del 1935 vengono da Livigno, sono alcuni fra i pi\u00f9 vecchi qui oggi\u201d ha affermato questo \u2018storico\u2019 partecipante presentatosi al via con delle colorate trecce da \u2018vichingo\u2019 a coronare il proprio capo. Colori, attrezzature ed abbigliamento d\u2019epoca hanno sfilato in allegria: \u201cSolo le nonne d\u2019un tempo erano in grado di realizzare maglioni di questo tipo!\u201d, sostiene un concorrente fiero del proprio vestiario realizzato a mano con raffigurate le gesta di un fondista con delle montagne a fare da sfondo. Premiati anche gli Sci Club Litegosa, Orsago e Montebelluna, in ringraziamento al lavoro svolto per la promozione dello sci nordico a tutti i livelli e a tutte le latitudini.<\/p>\n<p>La parola \u2018Amarcord\u2019 deriva da una contrazione della frase romagnola \u201ca m\u2019arcord\u201d &#8211; \u201cio mi ricordo\u201d -, ed \u00e8 stata utilizzata da Federico Fellini per dirigere il suo celebre film del 1973, pochi anni prima che lo sci di fondo si \u2018trasformasse\u2019, cambiando i propri \u2018datati\u2019 sci di legno in materiale sintetico; questa parola divenne un neologismo in chiave nostalgica, utilizzata soventemente per rappresentare l\u2019essenza di manifestazioni come la Marcialonga Story, poich\u00e9 i ricordi passati di uno sport che si ama sono fra i pi\u00f9 significativi.<\/p>\n<p>Info: <a href=\"http:\/\/www.marcialonga.it\/\">www.marcialonga.it<\/a><\/p>\n","protected":false},"excerpt":{"rendered":"<p>Tanti i protagonisti della \u201cStory\u201d come Antonella Confortola e Jonathan Wyatt Andrea Zorzi taglia per primo il traguardo davanti al padre Claudio Autentici pezzi d\u2019antiquariato presenti alla manifestazione Domani la 43\u00aa Marcialonga di Fiemme e Fassa (TN) &nbsp; &nbsp; Oggi in scena l\u2019affascinante revival dello sci di fondo, una \u201ccavalcata storica\u201d di 11 km da [&hellip;]<\/p>\n","protected":false},"author":15,"featured_media":0,"comment_status":"open","ping_status":"open","sticky":false,"template":"","format":"standard","meta":{"footnotes":""},"categories":[15],"tags":[],"class_list":["post-5759","post","type-post","status-publish","format-standard","hentry","category-sport"],"_links":{"self":[{"href":"https:\/\/www.area-press.eu\/comunicatistampa\/wp-json\/wp\/v2\/posts\/5759","targetHints":{"allow":["GET"]}}],"collection":[{"href":"https:\/\/www.area-press.eu\/comunicatistampa\/wp-json\/wp\/v2\/posts"}],"about":[{"href":"https:\/\/www.area-press.eu\/comunicatistampa\/wp-json\/wp\/v2\/types\/post"}],"author":[{"embeddable":true,"href":"https:\/\/www.area-press.eu\/comunicatistampa\/wp-json\/wp\/v2\/users\/15"}],"replies":[{"embeddable":true,"href":"https:\/\/www.area-press.eu\/comunicatistampa\/wp-json\/wp\/v2\/comments?post=5759"}],"version-history":[{"count":1,"href":"https:\/\/www.area-press.eu\/comunicatistampa\/wp-json\/wp\/v2\/posts\/5759\/revisions"}],"predecessor-version":[{"id":5760,"href":"https:\/\/www.area-press.eu\/comunicatistampa\/wp-json\/wp\/v2\/posts\/5759\/revisions\/5760"}],"wp:attachment":[{"href":"https:\/\/www.area-press.eu\/comunicatistampa\/wp-json\/wp\/v2\/media?parent=5759"}],"wp:term":[{"taxonomy":"category","embeddable":true,"href":"https:\/\/www.area-press.eu\/comunicatistampa\/wp-json\/wp\/v2\/categories?post=5759"},{"taxonomy":"post_tag","embeddable":true,"href":"https:\/\/www.area-press.eu\/comunicatistampa\/wp-json\/wp\/v2\/tags?post=5759"}],"curies":[{"name":"wp","href":"https:\/\/api.w.org\/{rel}","templated":true}]}}