{"id":57427,"date":"2021-03-12T17:17:48","date_gmt":"2021-03-12T16:17:48","guid":{"rendered":"https:\/\/www.area-press.eu\/comunicatistampa\/?p=57427"},"modified":"2021-03-12T17:17:48","modified_gmt":"2021-03-12T16:17:48","slug":"gruppo-danieli-liter-di-gianpietro-benedetti","status":"publish","type":"post","link":"https:\/\/www.area-press.eu\/comunicatistampa\/2021\/03\/12\/gruppo-danieli-liter-di-gianpietro-benedetti\/","title":{"rendered":"Gruppo Danieli, l\u2019iter di Gianpietro Benedetti"},"content":{"rendered":"<p><em><strong>Dal 1999 la nota multinazionale di Buttrio, specializzata in impianti siderurgici, \u00e8 guidata da <a href=\"https:\/\/www.cultura360.eu\/tag\/gianpietro-benedetti\/\" title=\"Gianpietro Benedetti: cultura360\">Gianpietro Benedetti<\/a>: il manager nel 2017 \u00e8 stato nominato anche Presidente del CdA.<\/strong><\/em><\/p>\n<p><a href=\"https:\/\/www.cultura360.eu\/tag\/gianpietro-benedetti\/\" title=\"Gianpietro Benedetti: cultura360\"><img decoding=\"async\" alt=\"Gianpietro Benedetti\" src=\"https:\/\/www.topmanagers.it\/SharingFolder\/TopManager\/it\/ManagerProfilePhoto\/Photo\/Gianpietro_Benedetti_profilo.jpg\" width=\"120\" \/><\/a><\/p>\n<h2>Gianpietro Benedetti: i primi incarichi in Danieli<\/h2>\n<p><strong>Gianpietro Benedetti<\/strong> nasce nel 1941 a Tricesimo: terminati gli studi al Malignani, Istituto Tecnico di Udine, avvia il suo percorso professionale in Danieli. Sar\u00e0 l&#8217;inizio di un rapporto estremamente duraturo. Comincia infatti con il ruolo di disegnatore tecnico e in seguito come ingegnere progettista, incarico che ricopre fino al 1968, quando gli viene affidata la direzione dell&#8217;Ufficio Tecnologie e Processo di Laminazione. \u00c8 un momento storico fondamentale per l&#8217;azienda: \u00e8 proprio in quegli anni infatti che Luigi Danieli decide di puntare sulla produzione di impianti siderurgici chiavi in mano, strategia che si riveler\u00e0 presto un successo. Dal 1976 al 1982 <strong>Gianpietro Benedetti<\/strong> opera in qualit\u00e0 di Direttore del Centro Ricerche, mentre fino al 1986 \u00e8 responsabile del comparto Sales. Dopo 25 anni dal suo ingresso in azienda diventa Co-Amministratore Delegato, il primo gradino della sua scalata ai vertici della multinazionale.<\/p>\n<h2>Presidenza e nuovi successi: il percorso di Gianpietro Benedetti in Danieli<\/h2>\n<p>Nel 1991 <strong><a href=\"https:\/\/www.cultura360.eu\/tag\/gianpietro-benedetti\/\" title=\"Gianpietro Benedetti, profilo cultura360\">Gianpietro Benedetti<\/a><\/strong> viene nominato Direttore Generale. In quegli anni alla guida del Gruppo c&#8217;\u00e8 Cecilia Danieli, Presidente e Amministratore Delegato che porta nuova linfa alla multinazionale. L&#8217;azienda continua a puntare sulle acquisizioni e ad aumentare i suoi assets, come accade ad esempio con la francese Rotelec e l&#8217;italiana Techint Machine: una strategia che porter\u00e0 la societ\u00e0 a pi\u00f9 che raddoppiare utili e dipendenti. Nel 1999 viene scelto per continuare il percorso avviato da Cecilia, prematuramente scomparsa: diventa quindi prima Amministratore Delegato, successivamente anche Presidente. Danieli continua ad affermarsi a livello internazionale: tra il 2005 e il 2006 nascono due impianti, rispettivamente in Cina e in Tailandia, mentre in Ucraina, Polonia e India vengono aperti nuovi uffici. Ad oggi il Gruppo conta circa 10.000 dipendenti sparsi in oltre dieci Paesi e un fatturato di oltre 3 miliardi di euro. Nel 2017 <strong>Gianpietro Benedetti<\/strong> viene infine nominato Presidente del Consiglio di Amministrazione e dell&#8217;Executive Board di Danieli. Grazie ai suoi successi, \u00e8 stato insignito del titolo di Cavaliere del Lavoro della Repubblica Italiana e di lauree ad honorem dalle Universit\u00e0 di Trieste e Udine.<\/p>\n","protected":false},"excerpt":{"rendered":"<p>Dal 1999 la nota multinazionale di Buttrio, specializzata in impianti siderurgici, \u00e8 guidata da Gianpietro Benedetti: il manager nel 2017 \u00e8 stato nominato anche Presidente del CdA. Gianpietro Benedetti: i primi incarichi in Danieli Gianpietro Benedetti nasce nel 1941 a Tricesimo: terminati gli studi al Malignani, Istituto Tecnico di Udine, avvia il suo percorso professionale [&hellip;]<\/p>\n","protected":false},"author":5938,"featured_media":0,"comment_status":"open","ping_status":"open","sticky":false,"template":"","format":"standard","meta":{"footnotes":""},"categories":[29],"tags":[24739],"class_list":["post-57427","post","type-post","status-publish","format-standard","hentry","category-comunicati","tag-gianpietro-benedetti"],"_links":{"self":[{"href":"https:\/\/www.area-press.eu\/comunicatistampa\/wp-json\/wp\/v2\/posts\/57427","targetHints":{"allow":["GET"]}}],"collection":[{"href":"https:\/\/www.area-press.eu\/comunicatistampa\/wp-json\/wp\/v2\/posts"}],"about":[{"href":"https:\/\/www.area-press.eu\/comunicatistampa\/wp-json\/wp\/v2\/types\/post"}],"author":[{"embeddable":true,"href":"https:\/\/www.area-press.eu\/comunicatistampa\/wp-json\/wp\/v2\/users\/5938"}],"replies":[{"embeddable":true,"href":"https:\/\/www.area-press.eu\/comunicatistampa\/wp-json\/wp\/v2\/comments?post=57427"}],"version-history":[{"count":1,"href":"https:\/\/www.area-press.eu\/comunicatistampa\/wp-json\/wp\/v2\/posts\/57427\/revisions"}],"predecessor-version":[{"id":57428,"href":"https:\/\/www.area-press.eu\/comunicatistampa\/wp-json\/wp\/v2\/posts\/57427\/revisions\/57428"}],"wp:attachment":[{"href":"https:\/\/www.area-press.eu\/comunicatistampa\/wp-json\/wp\/v2\/media?parent=57427"}],"wp:term":[{"taxonomy":"category","embeddable":true,"href":"https:\/\/www.area-press.eu\/comunicatistampa\/wp-json\/wp\/v2\/categories?post=57427"},{"taxonomy":"post_tag","embeddable":true,"href":"https:\/\/www.area-press.eu\/comunicatistampa\/wp-json\/wp\/v2\/tags?post=57427"}],"curies":[{"name":"wp","href":"https:\/\/api.w.org\/{rel}","templated":true}]}}