{"id":57125,"date":"2021-03-03T22:01:16","date_gmt":"2021-03-03T21:01:16","guid":{"rendered":"https:\/\/www.area-press.eu\/comunicatistampa\/?p=57125"},"modified":"2021-03-03T22:01:16","modified_gmt":"2021-03-03T21:01:16","slug":"lapresse-s-p-a-le-considerazioni-del-presidente-marco-durante-sullandamento-della-pandemia","status":"publish","type":"post","link":"https:\/\/www.area-press.eu\/comunicatistampa\/2021\/03\/03\/lapresse-s-p-a-le-considerazioni-del-presidente-marco-durante-sullandamento-della-pandemia\/","title":{"rendered":"LaPresse S.p.A.: le considerazioni del Presidente Marco Durante sull\u2019andamento della pandemia"},"content":{"rendered":"<p><em><strong>&quot;Dobbiamo tutti essere coscienti dei rischi, sia per la salute che per l&#8217;economia e dare segno di maggiore responsabilit\u00e0&quot;: il monito del fondatore e Presidente di LaPresse S.p.A. <a href=\"https:\/\/www.lapresse.it\/coronavirus\/nuova_emergenza_covid_il_presidente_di_lapresse_marco_durante_l_esercito_per_fare_rispettare_le_regole-3073609\/video\/2020-10-12\/\" title=\"il monito di Marco Durante sul Coronavirus\">Marco Durante<\/a>, in seguito all&#8217;aumento dei contagi.<\/strong> <\/em><\/p>\n<p><a href=\"https:\/\/www.lapresse.it\/coronavirus\/nuova_emergenza_covid_il_presidente_di_lapresse_marco_durante_l_esercito_per_fare_rispettare_le_regole-3073609\/video\/2020-10-12\/\" title=\"Marco Durante, intervista LaPresse S.p.A.\"><img decoding=\"async\" alt=\"Marco Durante\" height=\"120\" src=\"https:\/\/www.topmanagers.it\/SharingFolder\/TopManager\/it\/Multimedia\/Photo\/marco_maria_durante.jpg\" \/><\/a><\/p>\n<h2>LaPresse S.p.A., intervista al Presidente Marco Durante: l&#8217;impegno di tutti per contrastare l&#8217;aumento dei contagi<\/h2>\n<p>Un invito ad avere pi\u00f9 consapevolezza, ad essere prudenti. Si rivolge all&#8217;opinione pubblica il fondatore e Presidente di LaPresse S.p.A. <strong>Marco Durante<\/strong>, intervistato in merito all&#8217;aumento del numero di contagi: <em>&quot;Dobbiamo tutti essere coscienti dei rischi, sia per la salute che per l&#8217;economia e dare segno di maggiore responsabilit\u00e0&quot;<\/em>. \u00c8 necessario che tutti facciano un passo indietro: le misure restrittive definite nel nuovo Dpcm secondo l&#8217;editore e imprenditore sono <em>&quot;fondamentali&quot;<\/em> per contenere la pandemia ma occorre farle mantenere. Questo \u00e8 il problema: <em>&quot;Dobbiamo essere cattivi per il bene del Paese&quot;<\/em>. In quest&#8217;ottica <strong>Marco Durante<\/strong> esorta l&#8217;Esecutivo di Giuseppe Conte ad <em>&quot;avere il coraggio di far intervenire l&#8217;esercito che fermi le persone&quot;<\/em> senza mascherina: <em>&quot;Purtroppo andando in giro ci rendiamo conto che specialmente i giovani o anche persone della mia et\u00e0 girano con la mascherina abbassata, non si lavano le mani. E tutto questo peggiora la situazione&quot;<\/em>.<\/p>\n<h2>Il valore dell&#8217;informazione nei giorni della pandemia: il commento del Presidente Marco Durante<\/h2>\n<p><em>&quot;Il virus \u00e8 presente in tutto il mondo e tutto il mondo deve farci i conti&quot;<\/em>, sottolinea nell&#8217;intervista <strong><a href=\"https:\/\/www.lapresse.it\/coronavirus\/nuova_emergenza_covid_il_presidente_di_lapresse_marco_durante_l_esercito_per_fare_rispettare_le_regole-3073609\/video\/2020-10-12\/\" title=\"coronavirus, il monito di Marco Durante, presidente LaPresse S.p.A.\">Marco Durante<\/a><\/strong>. L&#8217;aumento dei contagi, secondo il fondatore e Presidente di LaPresse S.p.A., si deve anche alla riapertura <em>&quot;tutto d&#8217;un colpo&quot;<\/em> di locali, ristoranti, negozi: <em>&quot;E ci abbiamo aggiunto la scuola. Tutto giusto, perch\u00e9 il mondo deve andare avanti. Se non andiamo avanti l&#8217;industria si ferma e si fermerebbe tutto il Paese, per\u00f2 dobbiamo fare pi\u00f9 attenzione&quot;<\/em>. Occorre prudenza, soprattutto tra le mura domestiche: <em>&quot;C&#8217;\u00e8 preoccupazione che i bambini dalle scuole portino il virus in casa, ai nonni e ai genitori. Stiamo salendo di nuovo come numeri e ora manca poco a un lockdown mirato&quot;<\/em>. Per evitarlo serve l&#8217;impegno di tutti, come ricorda <strong>Marco Durante<\/strong>: bisogna fare il possibile per salvaguardare l&#8217;economia del Paese. In questo contesto di particolare complessit\u00e0, LaPresse S.p.A. non si ferma: <em>&quot;L&#8217;informazione \u00e8 un bene primario su cui continuo, soprattutto oggi, a investire. C&#8217;\u00e8 bisogno di informazione primaria, certificata, verificata sempre ma in questa epoca ancora di pi\u00f9. I social li usiamo tutti ma le notizie, le informazioni devono arrivare da fonti certe, da professionisti&quot;<\/em>. Nuove assunzioni a settembre, l&#8217;apertura di 15 sedi nel mondo: <em>&quot;Ci vogliono coraggio e fiducia. Noi andiamo avanti&quot;<\/em>, ribadisce il Presidente. <\/p>\n","protected":false},"excerpt":{"rendered":"<p>&quot;Dobbiamo tutti essere coscienti dei rischi, sia per la salute che per l&#8217;economia e dare segno di maggiore responsabilit\u00e0&quot;: il monito del fondatore e Presidente di LaPresse S.p.A. Marco Durante, in seguito all&#8217;aumento dei contagi. LaPresse S.p.A., intervista al Presidente Marco Durante: l&#8217;impegno di tutti per contrastare l&#8217;aumento dei contagi Un invito ad avere pi\u00f9 [&hellip;]<\/p>\n","protected":false},"author":6488,"featured_media":0,"comment_status":"open","ping_status":"open","sticky":false,"template":"","format":"standard","meta":{"footnotes":""},"categories":[5],"tags":[27753],"class_list":["post-57125","post","type-post","status-publish","format-standard","hentry","category-aziendali","tag-marco-durante"],"_links":{"self":[{"href":"https:\/\/www.area-press.eu\/comunicatistampa\/wp-json\/wp\/v2\/posts\/57125","targetHints":{"allow":["GET"]}}],"collection":[{"href":"https:\/\/www.area-press.eu\/comunicatistampa\/wp-json\/wp\/v2\/posts"}],"about":[{"href":"https:\/\/www.area-press.eu\/comunicatistampa\/wp-json\/wp\/v2\/types\/post"}],"author":[{"embeddable":true,"href":"https:\/\/www.area-press.eu\/comunicatistampa\/wp-json\/wp\/v2\/users\/6488"}],"replies":[{"embeddable":true,"href":"https:\/\/www.area-press.eu\/comunicatistampa\/wp-json\/wp\/v2\/comments?post=57125"}],"version-history":[{"count":1,"href":"https:\/\/www.area-press.eu\/comunicatistampa\/wp-json\/wp\/v2\/posts\/57125\/revisions"}],"predecessor-version":[{"id":57128,"href":"https:\/\/www.area-press.eu\/comunicatistampa\/wp-json\/wp\/v2\/posts\/57125\/revisions\/57128"}],"wp:attachment":[{"href":"https:\/\/www.area-press.eu\/comunicatistampa\/wp-json\/wp\/v2\/media?parent=57125"}],"wp:term":[{"taxonomy":"category","embeddable":true,"href":"https:\/\/www.area-press.eu\/comunicatistampa\/wp-json\/wp\/v2\/categories?post=57125"},{"taxonomy":"post_tag","embeddable":true,"href":"https:\/\/www.area-press.eu\/comunicatistampa\/wp-json\/wp\/v2\/tags?post=57125"}],"curies":[{"name":"wp","href":"https:\/\/api.w.org\/{rel}","templated":true}]}}