{"id":57115,"date":"2021-03-03T22:01:15","date_gmt":"2021-03-03T21:01:15","guid":{"rendered":"https:\/\/www.area-press.eu\/comunicatistampa\/?p=57115"},"modified":"2021-03-03T22:01:15","modified_gmt":"2021-03-03T21:01:15","slug":"aiav-ripensa-la-formazione-professionale-per-gli-operatori-del-turismo","status":"publish","type":"post","link":"https:\/\/www.area-press.eu\/comunicatistampa\/2021\/03\/03\/aiav-ripensa-la-formazione-professionale-per-gli-operatori-del-turismo\/","title":{"rendered":"AIAV ripensa la formazione professionale per gli operatori del turismo"},"content":{"rendered":"<p>Il know-how degli agenti di viaggio \u00e8 al centro dell\u2019attenzione di <strong>AIAV \u2013 Associazione Italiana Agenti di Viaggio<\/strong> \u2013 che annuncia l\u2019avvio di un <strong>nuovo programma di formazione<\/strong>, pensato per fornire agli addetti ai lavori gli strumenti, tecnici e teorici, indispensabili per affrontare i grandi cambiamenti che hanno coinvolto il settore negli ultimi mesi.<\/p>\n<h2>I corsi<\/h2>\n<p>Il <strong>piano dei corsi tocca trasversalmente tutti gli ambiti della professione turistica<\/strong>: dagli aspetti generali, come fisco, legislazione del turismo, gestione dei contratti di lavoro e marketing, fino alle materie pi\u00f9 tecniche, come l\u2019utilizzo dei sistemi di biglietteria e la geografia turistica. In calendario anche i programmi di specializzazione rivolti agli <strong>studenti universitari<\/strong>, i corsi propedeutici al superamento dell\u2019<strong>esame di abilitazione alla direzione tecnica <\/strong>e quelli funzionali all\u2019ottenimento del <strong>\u201cQI \u2013 Marchio di Qualit\u00e0 delle Agenzie di Viaggio\u201d<\/strong> autorizzato dal Ministero dello Sviluppo Economico e rilasciato da AIAV.<\/p>\n<p>A garanzia della qualit\u00e0 dei contenuti proposti, AIAV si avvale della collaborazione di rinomate societ\u00e0 specializzate in formazione, come <strong>Granchi e Partners<\/strong> e <strong>Contesti Turistici<\/strong>, a cui si affiancano il <strong>Politecnico di Torino<\/strong>, <strong>CNA Turismo e Commercio<\/strong>, <strong>Fondazione Santagata<\/strong> e altre prestigiose istituzioni. Collabora al progetto anche lo <strong>staff di AIAV<\/strong>, composto da professionisti in materie legali, fiscali e sindacali applicate al turismo, con una lunga esperienza sul campo e in qualit\u00e0 di formatori.<\/p>\n<h2>La piattaforma Lerni<\/h2>\n<p>I corsi, rivolti ad agenti e consulenti di viaggio, guide turistiche e studenti, si svolgeranno attraverso la <strong>piattaforma di e-learning Lerni, sviluppata da KKM Group e Fast Digital Solution<\/strong>. Lerni \u00e8 stata scelta tra numerose alternative presenti sul mercato perch\u00e9 offre una <strong>maggiore interattivit\u00e0 tra i<\/strong> <strong>partecipanti al corso<\/strong>, secondo il modello Q&amp;A, e permette di integrare elementi multimediali come video, immagini e slide. Il software \u00e8 stato inoltre adattato per consentire l\u2019<strong>accesso condizionato ai corsi<\/strong>, che saranno in parte gratuiti e in parte a pagamento, con specifiche agevolazioni per gli oltre 1.800 iscritti ad AIAV.<\/p>\n<h2>Le parole di Fulvio Avataneo, Presidente AIAV<\/h2>\n<p><strong>Fulvio Avataneo, presidente AIAV<\/strong>, dichiara: \u201cLa formazione \u00e8 sempre stata il punto di forza dell\u2019Associazione e sar\u00e0 la chiave per migliorare le performance degli agenti e fidelizzare i clienti che torneranno nelle agenzie. I nuovi corsi partiranno entro marzo e comprenderanno una serie di focus dedicati alle <strong>sfide che il settore \u00e8 chiamato ad affrontare<\/strong> alla luce della pandemia. L\u2019altra novit\u00e0 riguarda la piattaforma Lerni, che migliora notevolmente la qualit\u00e0 dell\u2019interazione tra docenti e partecipanti ai corsi rispetto alla media degli strumenti presenti sul mercato\u201d.<\/p>\n","protected":false},"excerpt":{"rendered":"<p>Il know-how degli agenti di viaggio \u00e8 al centro dell\u2019attenzione di AIAV \u2013 Associazione Italiana Agenti di Viaggio \u2013 che annuncia l\u2019avvio di un nuovo programma di formazione, pensato per fornire agli addetti ai lavori gli strumenti, tecnici e teorici, indispensabili per affrontare i grandi cambiamenti che hanno coinvolto il settore negli ultimi mesi. I [&hellip;]<\/p>\n","protected":false},"author":49,"featured_media":0,"comment_status":"open","ping_status":"open","sticky":false,"template":"","format":"standard","meta":{"footnotes":""},"categories":[17],"tags":[28394,28452,29275],"class_list":["post-57115","post","type-post","status-publish","format-standard","hentry","category-turismo","tag-aiav","tag-fulvio-avataneo","tag-lerni"],"_links":{"self":[{"href":"https:\/\/www.area-press.eu\/comunicatistampa\/wp-json\/wp\/v2\/posts\/57115","targetHints":{"allow":["GET"]}}],"collection":[{"href":"https:\/\/www.area-press.eu\/comunicatistampa\/wp-json\/wp\/v2\/posts"}],"about":[{"href":"https:\/\/www.area-press.eu\/comunicatistampa\/wp-json\/wp\/v2\/types\/post"}],"author":[{"embeddable":true,"href":"https:\/\/www.area-press.eu\/comunicatistampa\/wp-json\/wp\/v2\/users\/49"}],"replies":[{"embeddable":true,"href":"https:\/\/www.area-press.eu\/comunicatistampa\/wp-json\/wp\/v2\/comments?post=57115"}],"version-history":[{"count":1,"href":"https:\/\/www.area-press.eu\/comunicatistampa\/wp-json\/wp\/v2\/posts\/57115\/revisions"}],"predecessor-version":[{"id":57116,"href":"https:\/\/www.area-press.eu\/comunicatistampa\/wp-json\/wp\/v2\/posts\/57115\/revisions\/57116"}],"wp:attachment":[{"href":"https:\/\/www.area-press.eu\/comunicatistampa\/wp-json\/wp\/v2\/media?parent=57115"}],"wp:term":[{"taxonomy":"category","embeddable":true,"href":"https:\/\/www.area-press.eu\/comunicatistampa\/wp-json\/wp\/v2\/categories?post=57115"},{"taxonomy":"post_tag","embeddable":true,"href":"https:\/\/www.area-press.eu\/comunicatistampa\/wp-json\/wp\/v2\/tags?post=57115"}],"curies":[{"name":"wp","href":"https:\/\/api.w.org\/{rel}","templated":true}]}}