{"id":57094,"date":"2021-03-01T13:40:32","date_gmt":"2021-03-01T12:40:32","guid":{"rendered":"https:\/\/www.area-press.eu\/comunicatistampa\/?p=57094"},"modified":"2021-04-03T08:08:25","modified_gmt":"2021-04-03T06:08:25","slug":"chando-erik-luna-a-eva3000-la-bulimia-mi-stava-uccidendo","status":"publish","type":"post","link":"https:\/\/www.area-press.eu\/comunicatistampa\/2021\/03\/01\/chando-erik-luna-a-eva3000-la-bulimia-mi-stava-uccidendo\/","title":{"rendered":"Chando Erik Luna a EVA3000: &#8220;La bulimia mi stava uccidendo&#8221;"},"content":{"rendered":"<p><strong>Chando Erik Luna<\/strong> ha rilasciato un\u2019intervista alla rivista cartacea EVA3000, da venerd\u00ec scorso in edicola, in cui ha raccontato la sua difficile e dura battaglia contro la\u00a0bulimia. Il 32enne\u00a0attore\u00a0e\u00a0modello\u00a0spagnolo, che \u00e8 stato eletto uno degli \u201cuomini pi\u00f9 belli del mondo\u201d dal magazine Arena, ha affrontato questo delicato argomento per lanciare un monito significativo a tutti coloro che si trovano a combattere contro uno dei pi\u00f9 diffusi disturbi del comportamento alimentare.<\/p>\n<p>\u00abQuando sprofondi nella bulimia \u2013 ha raccontato Chando a Eva3000 -, pensi che sia impossibile curarti, che non potrai mai pi\u00f9 avere una vita normale, ridere e uscire con gli amici. Ma si pu\u00f2 e si deve uscire da questo tunnel dell\u2019inferno grazie al sostegno dei famigliari e ai percorsi terapeutici mirati degli specialisti per curare sia il corpo che la mente\u00bb.<\/p>\n<figure class=\"wp-block-image size-large\"><img loading=\"lazy\" decoding=\"async\" class=\"wp-image-392080 lazyloaded\" src=\"https:\/\/cdn.shortpixel.ai\/client\/q_glossy,ret_img,w_1000,h_1024\/https:\/\/www.teleblog.it\/wp-content\/uploads\/2021\/02\/Chando-Erik-Luna-molto-magro-1000x1024.jpeg\" alt=\"\" width=\"1000\" height=\"1024\" data-src=\"https:\/\/cdn.shortpixel.ai\/client\/q_glossy,ret_img,w_1000,h_1024\/https:\/\/www.teleblog.it\/wp-content\/uploads\/2021\/02\/Chando-Erik-Luna-molto-magro-1000x1024.jpeg\" data-srcset=\"https:\/\/cdn.shortpixel.ai\/client\/q_glossy,ret_img,w_1000\/https:\/\/www.teleblog.it\/wp-content\/uploads\/2021\/02\/Chando-Erik-Luna-molto-magro-1000x1024.jpeg 1000w, https:\/\/cdn.shortpixel.ai\/client\/q_glossy,ret_img,w_293\/https:\/\/www.teleblog.it\/wp-content\/uploads\/2021\/02\/Chando-Erik-Luna-molto-magro-293x300.jpeg 293w, https:\/\/cdn.shortpixel.ai\/client\/q_glossy,ret_img,w_768\/https:\/\/www.teleblog.it\/wp-content\/uploads\/2021\/02\/Chando-Erik-Luna-molto-magro-768x786.jpeg 768w, https:\/\/cdn.shortpixel.ai\/client\/q_glossy,ret_img,w_1500\/https:\/\/www.teleblog.it\/wp-content\/uploads\/2021\/02\/Chando-Erik-Luna-molto-magro-1500x1536.jpeg 1500w, https:\/\/cdn.shortpixel.ai\/client\/q_glossy,ret_img,w_1953\/https:\/\/www.teleblog.it\/wp-content\/uploads\/2021\/02\/Chando-Erik-Luna-molto-magro.jpeg 1953w\" data-sizes=\"(max-width: 1000px) 100vw, 1000px\" \/><\/figure>\n<p>La storia dell\u2019ex fidanzato della diva delle telenovelas Grecia Colmenares deve far riflettere tutti, poich\u00e9 questo disturbo \u00e8 spesso sottovalutato dai mass-media e dai genitori, ma in realt\u00e0 provoca effetti devastanti sulla salute e sulla vita di tantissimi adolescenti e giovani adulti. \u00abNon avrei mai pensato di soffrire di questo disturbo del comportamento alimentare \u2013 ha proseguito l\u2019attore e modello spagnolo, che lavora con fotografi e stilisti di rilievo internazionale -. Tanti anni fa pensavo che fosse un disturbo che colpisse soltanto le donne, poich\u00e9 ci educano a pensare che l\u2019uomo non deve mostrare debolezze e tantomeno insicurezze riguardo al fisico. All&#8217;et\u00e0 di 14 anni ero gi\u00e0 alto 183 centimetri e pesavo 80 chili, praticamente ero un ragazzo atletico e sempre in perfetta forma. Giocavo a calcio e avevo muscoli dappertutto. Tuttavia, quando ero arrivato a Parigi all&#8217;et\u00e0 di 16 anni per lavorare come modello, la mia agenzia mi chiedeva di \u201cperdere\u201d quei muscoli. Molto prima che Instagram celebrasse i modelli di fitness come delle star del web \u2013 ha svelato Chando -, il mondo del fashion richiedeva che i suoi modelli maschili fossero molto magri. Iniziai a seguire una dieta per \u201cdebellare\u201d i muscoli, ma non perdevo molto peso. Un giorno, un modello mi disse che il modo perfetto per perdere peso sarebbe stato il seguente: assumere lassativi e vomitare il cibo dopo ogni pasto. Proprio di fronte a me, questo modello aveva tagliato un pezzo di mela, l&#8217;aveva legato con del filo interdentale e dopo averlo ingoiato, aveva tirato il filo con forza fino a vomitare. Provavo paura e disgusto a farlo, ma alla fine seguii il suo esempio\u2026da quel momento inizi\u00f2 il mio incubo. Un brutto sogno che \u00e8 durato molti anni\u00bb.<\/p>\n<p>Le conseguenze erano state catastrofiche sia sotto il profilo lavorativo che sentimentale: \u00abDal 2004 al 2016 vomitavo cibo per essere sempre pi\u00f9 magro. Un periodo drammatico contrassegnato da bassa autostima, da infinite alterazioni del mio peso e dalla fine del mio primo matrimonio\u00bb.<\/p>\n<p>I suoi parenti erano molto preoccupati: \u00abA volte ero muscoloso e a volte ero cos\u00ec magro, a tal punto che mia madre piangeva quando mi vedeva. A volte pesavo 84 chili e altre 65 chili e sembravo un&#8217;altra persona&#8230; Non era solo bulimia ma anche l&#8217;ossessione per la mia immagine: diete estreme e giornate a mangiare solo caff\u00e8 e mandarini. Quando tornavo in America, dove il modello predominante era quello del ragazzo muscoloso, abusavo di steroidi. Nel 2016 mi guardai allo specchio e dissi: Basta! Non potevo andare avanti cos\u00ec. Mi stavo uccidendo e stavo procurando grande dolore e dispiacere anche alla mia famiglia. Cos\u00ec decisi di chiedere aiuto\u00bb.<\/p>\n<figure class=\"wp-block-image size-large\"><img loading=\"lazy\" decoding=\"async\" class=\"wp-image-392082 lazyloaded\" src=\"https:\/\/cdn.shortpixel.ai\/client\/q_glossy,ret_img,w_1024,h_987\/https:\/\/www.teleblog.it\/wp-content\/uploads\/2021\/02\/Chando-Erik-Luna-modello-1024x987.jpg\" alt=\"\" width=\"1024\" height=\"987\" data-src=\"https:\/\/cdn.shortpixel.ai\/client\/q_glossy,ret_img,w_1024,h_987\/https:\/\/www.teleblog.it\/wp-content\/uploads\/2021\/02\/Chando-Erik-Luna-modello-1024x987.jpg\" data-srcset=\"https:\/\/cdn.shortpixel.ai\/client\/q_glossy,ret_img,w_1024\/https:\/\/www.teleblog.it\/wp-content\/uploads\/2021\/02\/Chando-Erik-Luna-modello-1024x987.jpg 1024w, https:\/\/cdn.shortpixel.ai\/client\/q_glossy,ret_img,w_300\/https:\/\/www.teleblog.it\/wp-content\/uploads\/2021\/02\/Chando-Erik-Luna-modello-300x289.jpg 300w, https:\/\/cdn.shortpixel.ai\/client\/q_glossy,ret_img,w_768\/https:\/\/www.teleblog.it\/wp-content\/uploads\/2021\/02\/Chando-Erik-Luna-modello-768x740.jpg 768w, https:\/\/cdn.shortpixel.ai\/client\/q_glossy,ret_img,w_1536\/https:\/\/www.teleblog.it\/wp-content\/uploads\/2021\/02\/Chando-Erik-Luna-modello-1536x1481.jpg 1536w, https:\/\/cdn.shortpixel.ai\/client\/q_glossy,ret_img,w_2048\/https:\/\/www.teleblog.it\/wp-content\/uploads\/2021\/02\/Chando-Erik-Luna-modello-2048x1974.jpg 2048w\" data-sizes=\"(max-width: 1024px) 100vw, 1024px\" \/><\/figure>\n<p>Oggi \u00e8 rinato, fa molto esercizio fisico, mangia sano, non segue una dieta e soprattutto non vede pi\u00f9 il cibo come nemico.<\/p>\n","protected":false},"excerpt":{"rendered":"<p>Chando Erik Luna ha rilasciato un\u2019intervista alla rivista cartacea EVA3000, da venerd\u00ec scorso in edicola, in cui ha raccontato la sua difficile e dura battaglia contro la\u00a0bulimia. Il 32enne\u00a0attore\u00a0e\u00a0modello\u00a0spagnolo, che \u00e8 stato eletto uno degli \u201cuomini pi\u00f9 belli del mondo\u201d dal magazine Arena, ha affrontato questo delicato argomento per lanciare un monito significativo a tutti [&hellip;]<\/p>\n","protected":false},"author":6088,"featured_media":0,"comment_status":"open","ping_status":"open","sticky":false,"template":"","format":"standard","meta":{"footnotes":""},"categories":[29],"tags":[29259],"class_list":["post-57094","post","type-post","status-publish","format-standard","hentry","category-comunicati","tag-chando-erik-luna"],"_links":{"self":[{"href":"https:\/\/www.area-press.eu\/comunicatistampa\/wp-json\/wp\/v2\/posts\/57094","targetHints":{"allow":["GET"]}}],"collection":[{"href":"https:\/\/www.area-press.eu\/comunicatistampa\/wp-json\/wp\/v2\/posts"}],"about":[{"href":"https:\/\/www.area-press.eu\/comunicatistampa\/wp-json\/wp\/v2\/types\/post"}],"author":[{"embeddable":true,"href":"https:\/\/www.area-press.eu\/comunicatistampa\/wp-json\/wp\/v2\/users\/6088"}],"replies":[{"embeddable":true,"href":"https:\/\/www.area-press.eu\/comunicatistampa\/wp-json\/wp\/v2\/comments?post=57094"}],"version-history":[{"count":1,"href":"https:\/\/www.area-press.eu\/comunicatistampa\/wp-json\/wp\/v2\/posts\/57094\/revisions"}],"predecessor-version":[{"id":57095,"href":"https:\/\/www.area-press.eu\/comunicatistampa\/wp-json\/wp\/v2\/posts\/57094\/revisions\/57095"}],"wp:attachment":[{"href":"https:\/\/www.area-press.eu\/comunicatistampa\/wp-json\/wp\/v2\/media?parent=57094"}],"wp:term":[{"taxonomy":"category","embeddable":true,"href":"https:\/\/www.area-press.eu\/comunicatistampa\/wp-json\/wp\/v2\/categories?post=57094"},{"taxonomy":"post_tag","embeddable":true,"href":"https:\/\/www.area-press.eu\/comunicatistampa\/wp-json\/wp\/v2\/tags?post=57094"}],"curies":[{"name":"wp","href":"https:\/\/api.w.org\/{rel}","templated":true}]}}