{"id":57090,"date":"2021-03-01T14:45:53","date_gmt":"2021-03-01T13:45:53","guid":{"rendered":"https:\/\/www.area-press.eu\/comunicatistampa\/?p=57090"},"modified":"2021-03-01T14:45:53","modified_gmt":"2021-03-01T13:45:53","slug":"kiko-milano-lad-cristina-scocchia-ospite-di-otto-e-mezzo-necessario-prevenire-tensioni-sociali","status":"publish","type":"post","link":"https:\/\/www.area-press.eu\/comunicatistampa\/2021\/03\/01\/kiko-milano-lad-cristina-scocchia-ospite-di-otto-e-mezzo-necessario-prevenire-tensioni-sociali\/","title":{"rendered":"Kiko Milano, l\u2019AD Cristina Scocchia ospite di Otto e Mezzo: necessario prevenire tensioni sociali"},"content":{"rendered":"<p><em><strong>&quot;Uno shock di offerta e domanda che non si vedeva dalla crisi petrolifera del &#8217;79&quot;: l&#8217;AD di Kiko Milano<\/strong> <\/em><a href=\"https:\/\/www.la7.it\/otto-e-mezzo\/video\/covid-cristina-scocchia-bisogna-prevenire-le-tensioni-sociali-non-possiamo-aspettare-i-tempi-della-06-11-2020-348927\" title=\"Cristina Scocchia, AD Kiko, ospite a Otto e Mezzo\"><em><strong>Cristina Scocchia interviene a Otto e Mezzo<\/strong><\/em><\/a> <em><strong>sottolineando l&#8217;importanza di prevenire tensioni sociali nell&#8217;attuale contesto di crisi economica e perdita dell&#8217;occupazione.<\/strong><\/em><\/p>\n<p><a href=\"https:\/\/www.la7.it\/otto-e-mezzo\/video\/covid-cristina-scocchia-bisogna-prevenire-le-tensioni-sociali-non-possiamo-aspettare-i-tempi-della-06-11-2020-348927\" title=\"Cristina Scocchia, AD Kiko, ad Otto e Mezzo\"><img decoding=\"async\" alt=\"Cristina Scocchia, AD Kiko\" src=\"https:\/\/kdam.iltrovatore.it\/p\/103\/sp\/10300\/thumbnail\/entry_id\/0_n9y2xg2i\/type\/5\/width\/1024\/quality\/100\/name\/0_n9y2xg2i.jpg\" width=\"120\" \/><\/a><\/p>\n<h2>Kiko Milano, l&#8217;intervento dell&#8217;AD Cristina Scocchia a Otto e Mezzo<\/h2>\n<p>L&#8217;emergenza Covid-19 sta mettendo a dura prova il comparto della cosmetica e, in generale, tutto il settore della distribuzione non alimentare, con grandi ricadute in termini di fatturato e di occupazione: a evidenziarlo \u00e8 <strong>Cristina Scocchia<\/strong>, AD di Kiko Milano, nel corso di un intervento a Otto e Mezzo, il programma di La7 condotto da Lilli Gruber. Quella in corso, spiega l&#8217;AD, \u00e8 una crisi di offerta e domanda a cui non si assisteva dal &#8217;79, con <em>&quot;una perdita stimata tra il 37% e il 50% di fatturato&quot;<\/em>, un&#8217;oscillazione determinata dalla capacit\u00e0 delle misure restrittive di tenere sotto controllo la curva del contagio. La contrazione dei fatturati, prosegue <strong>Cristina Scocchia<\/strong> nel suo intervento, causer\u00e0 <em>&quot;una perdita tra 24 e 33 miliardi di IVA, con un forte impatto per lo Stato&quot;<\/em> e, molto pi\u00f9 significativo in termini di solidit\u00e0 sociale, <em>&quot;un impatto ancora pi\u00f9 forte per l&#8217;occupazione, perch\u00e9 si rischia tra il 15% e 27% di un milione e mezzo di posti di lavoro&quot;<\/em>, ovvero quel volume occupazionale determinato dal settore della distribuzione non alimentare.<\/p>\n<h2>Cristina Scocchia: sostenere famiglie e imprese e preservare la coesione sociale<\/h2>\n<p><strong><a href=\"https:\/\/www.la7.it\/otto-e-mezzo\/video\/covid-cristina-scocchia-bisogna-prevenire-le-tensioni-sociali-non-possiamo-aspettare-i-tempi-della-06-11-2020-348927\" title=\"Cristina Scocchia, intervista Otto e Mezzo LA7\">Cristina Scocchia<\/a><\/strong> ha quindi invitato a riflettere, in un contesto di tale difficolt\u00e0 per tutta l&#8217;economia nazionale, su quanto sia fondamentale impegnarsi a prevenire l&#8217;emergere di tensioni sociali. Perch\u00e9 con la possibilit\u00e0 di perdere fino a un terzo dei posti di lavoro e con un&#8217;impresa su 5 che rischia di non sopravvivere, <em>&quot;allora purtroppo potrebbero esserci tensioni sociali e noi dobbiamo prevenirle&quot;<\/em>. Da qui, sottolinea l&#8217;AD di Kiko Milano, emerge la necessit\u00e0 di un intervento da parte dello Stato per mezzo di &quot;un&#8217;iniezione di liquidit\u00e0 importante e adeguata per le famiglie e per le imprese&quot; ma, specifica, <em>&quot;non possiamo aspettare i tempi della prima fase&quot;<\/em>. Infine un messaggio affinch\u00e9, in un periodo di grandi difficolt\u00e0 come questo, il mondo istituzionale rimanga unito per gestire al meglio la complessit\u00e0 della crisi: <em>&quot;Tutti giochino il proprio ruolo con senso di responsabilit\u00e0&quot;<\/em>, spiega <strong>Cristina Scocchia<\/strong>, che aggiunge <em>&quot;\u00e8 gi\u00e0 estremamente difficile riuscire a gestire la salute e l&#8217;economia. Oltre a questo, in Italia si ha l&#8217;impressione che si voglia gestire anche il consenso politico: fermiamoci alle due variabili pi\u00f9 importanti, che sono la salute e l&#8217;economia&quot;<\/em>. <\/p>\n","protected":false},"excerpt":{"rendered":"<p>&quot;Uno shock di offerta e domanda che non si vedeva dalla crisi petrolifera del &#8217;79&quot;: l&#8217;AD di Kiko Milano Cristina Scocchia interviene a Otto e Mezzo sottolineando l&#8217;importanza di prevenire tensioni sociali nell&#8217;attuale contesto di crisi economica e perdita dell&#8217;occupazione. Kiko Milano, l&#8217;intervento dell&#8217;AD Cristina Scocchia a Otto e Mezzo L&#8217;emergenza Covid-19 sta mettendo a [&hellip;]<\/p>\n","protected":false},"author":3852,"featured_media":0,"comment_status":"open","ping_status":"open","sticky":false,"template":"","format":"standard","meta":{"footnotes":""},"categories":[7],"tags":[10690],"class_list":["post-57090","post","type-post","status-publish","format-standard","hentry","category-economia-e-finanza","tag-cristina-scocchia"],"_links":{"self":[{"href":"https:\/\/www.area-press.eu\/comunicatistampa\/wp-json\/wp\/v2\/posts\/57090","targetHints":{"allow":["GET"]}}],"collection":[{"href":"https:\/\/www.area-press.eu\/comunicatistampa\/wp-json\/wp\/v2\/posts"}],"about":[{"href":"https:\/\/www.area-press.eu\/comunicatistampa\/wp-json\/wp\/v2\/types\/post"}],"author":[{"embeddable":true,"href":"https:\/\/www.area-press.eu\/comunicatistampa\/wp-json\/wp\/v2\/users\/3852"}],"replies":[{"embeddable":true,"href":"https:\/\/www.area-press.eu\/comunicatistampa\/wp-json\/wp\/v2\/comments?post=57090"}],"version-history":[{"count":1,"href":"https:\/\/www.area-press.eu\/comunicatistampa\/wp-json\/wp\/v2\/posts\/57090\/revisions"}],"predecessor-version":[{"id":57092,"href":"https:\/\/www.area-press.eu\/comunicatistampa\/wp-json\/wp\/v2\/posts\/57090\/revisions\/57092"}],"wp:attachment":[{"href":"https:\/\/www.area-press.eu\/comunicatistampa\/wp-json\/wp\/v2\/media?parent=57090"}],"wp:term":[{"taxonomy":"category","embeddable":true,"href":"https:\/\/www.area-press.eu\/comunicatistampa\/wp-json\/wp\/v2\/categories?post=57090"},{"taxonomy":"post_tag","embeddable":true,"href":"https:\/\/www.area-press.eu\/comunicatistampa\/wp-json\/wp\/v2\/tags?post=57090"}],"curies":[{"name":"wp","href":"https:\/\/api.w.org\/{rel}","templated":true}]}}