{"id":57085,"date":"2021-03-01T14:45:53","date_gmt":"2021-03-01T13:45:53","guid":{"rendered":"https:\/\/www.area-press.eu\/comunicatistampa\/?p=57085"},"modified":"2021-03-01T14:45:53","modified_gmt":"2021-03-01T13:45:53","slug":"gruppo-danieli-nuovo-progetto-in-corea-del-sud","status":"publish","type":"post","link":"https:\/\/www.area-press.eu\/comunicatistampa\/2021\/03\/01\/gruppo-danieli-nuovo-progetto-in-corea-del-sud\/","title":{"rendered":"Gruppo Danieli: nuovo progetto in Corea del Sud"},"content":{"rendered":"<p><em><strong>Il nuovo contratto siglato da <a href=\"https:\/\/h2biz.net\/Azienda\/gruppo-danieli-11800\" title=\"Gruppo Danieli - h2biz\">Gruppo Danieli<\/a> in Corea del Sud: l&#8217;azienda di Buttrio continua a farsi strada in tutto il mondo, diversi i progetti su cui \u00e8 al lavoro. <\/strong><\/em><\/p>\n<p><a href=\"https:\/\/h2biz.net\/Azienda\/gruppo-danieli-11800\" title=\"Gruppo Danieli: h2biz\"><img decoding=\"async\" alt=\"Gruppo Danieli\" src=\"https:\/\/upload.wikimedia.org\/wikipedia\/commons\/f\/f9\/Danieli_flag.jpg\" width=\"120\" \/><\/a><\/p>\n<h2>Gruppo Danieli tra le eccellenze italiane nel mondo: nuova commessa in Corea del Sud<\/h2>\n<p>Il <strong>Gruppo Danieli<\/strong> prepara il ritorno in Corea del Sud dove realizzer\u00e0 la sua prima acciaieria completa di laminatoio. \u00c8 Korea Steel Shapes Co. a commissionare all&#8217;azienda di Buttrio il progetto di un nuovo laminatoio ad alta velocit\u00e0 per la produzione di barre in acciaio di dimensione variabile, da installare nello stabilimento di Chilseo. L&#8217;impianto sar\u00e0 collegato direttamente a una colata Danieli a 5 linee, tramite un riscaldatore a induzione Danieli Automation Q-Heat. Il Gruppo guidato da <strong>Gianpietro Benedetti<\/strong> aveva gi\u00e0 lavorato in Corea del Sud nel 2007. E anche nel nuovo progetto commissionato dall&#8217;azienda coreana emerge l&#8217;attenzione del <strong>Gruppo Danieli<\/strong> e il suo impegno a favore della sostenibilit\u00e0: la nuova acciaieria avr\u00e0 infatti un impatto ambientale molto contenuto, secondo quanto specifica &quot;Il Messaggero Veneto&quot; nel darne notizia.<\/p>\n<h2>Gruppo Danieli al lavoro anche negli Stati Uniti: il punto sul progetto per Nacor <\/h2>\n<p>Nei prossimi mesi il <strong><a href=\"https:\/\/h2biz.net\/Azienda\/gruppo-danieli-11800\" title=\"Gruppo Danieli, h2biz\">Gruppo Danieli<\/a><\/strong> sar\u00e0 impegnato a livello internazionale su pi\u00f9 fronti: oltre alla commessa in Corea, infatti, <strong>Danieli &amp; C. Officine Meccaniche S.p.A.<\/strong> inizier\u00e0 entro novembre la spedizione delle attrezzature per la costruzione di un nuovo impianto negli Stati Uniti. Il progetto, commissionato dalla statunitense Nucor (Brandenburg; Kentucky), comporta un investimento complessivo di 1,7 miliardi di dollari: l&#8217;ordine specifico ha un valore di 330 milioni di dollari. L&#8217;impianto a cui lavorer\u00e0 il Gruppo presieduto da <strong>Gianpietro Benedetti<\/strong> entrer\u00e0 in funzione nel 2022 e sar\u00e0 il pi\u00f9 grande laminatoio al mondo. In particolare il <strong>Gruppo Danieli<\/strong> si occuper\u00e0 di fornire la nuova acciaieria di forno elettrico e laminatoio lamiere di tipo Steckel, unitamente a un pacchetto di automazione e parte elettrica realizzato dalla consociata Danieli Automation.<\/p>\n","protected":false},"excerpt":{"rendered":"<p>Il nuovo contratto siglato da Gruppo Danieli in Corea del Sud: l&#8217;azienda di Buttrio continua a farsi strada in tutto il mondo, diversi i progetti su cui \u00e8 al lavoro. Gruppo Danieli tra le eccellenze italiane nel mondo: nuova commessa in Corea del Sud Il Gruppo Danieli prepara il ritorno in Corea del Sud dove [&hellip;]<\/p>\n","protected":false},"author":5938,"featured_media":0,"comment_status":"open","ping_status":"open","sticky":false,"template":"","format":"standard","meta":{"footnotes":""},"categories":[5],"tags":[29258],"class_list":["post-57085","post","type-post","status-publish","format-standard","hentry","category-aziendali","tag-gruppo-danieli-gianpietro-benedetti"],"_links":{"self":[{"href":"https:\/\/www.area-press.eu\/comunicatistampa\/wp-json\/wp\/v2\/posts\/57085","targetHints":{"allow":["GET"]}}],"collection":[{"href":"https:\/\/www.area-press.eu\/comunicatistampa\/wp-json\/wp\/v2\/posts"}],"about":[{"href":"https:\/\/www.area-press.eu\/comunicatistampa\/wp-json\/wp\/v2\/types\/post"}],"author":[{"embeddable":true,"href":"https:\/\/www.area-press.eu\/comunicatistampa\/wp-json\/wp\/v2\/users\/5938"}],"replies":[{"embeddable":true,"href":"https:\/\/www.area-press.eu\/comunicatistampa\/wp-json\/wp\/v2\/comments?post=57085"}],"version-history":[{"count":1,"href":"https:\/\/www.area-press.eu\/comunicatistampa\/wp-json\/wp\/v2\/posts\/57085\/revisions"}],"predecessor-version":[{"id":57086,"href":"https:\/\/www.area-press.eu\/comunicatistampa\/wp-json\/wp\/v2\/posts\/57085\/revisions\/57086"}],"wp:attachment":[{"href":"https:\/\/www.area-press.eu\/comunicatistampa\/wp-json\/wp\/v2\/media?parent=57085"}],"wp:term":[{"taxonomy":"category","embeddable":true,"href":"https:\/\/www.area-press.eu\/comunicatistampa\/wp-json\/wp\/v2\/categories?post=57085"},{"taxonomy":"post_tag","embeddable":true,"href":"https:\/\/www.area-press.eu\/comunicatistampa\/wp-json\/wp\/v2\/tags?post=57085"}],"curies":[{"name":"wp","href":"https:\/\/api.w.org\/{rel}","templated":true}]}}