{"id":57045,"date":"2021-03-01T14:45:49","date_gmt":"2021-03-01T13:45:49","guid":{"rendered":"https:\/\/www.area-press.eu\/comunicatistampa\/?p=57045"},"modified":"2021-03-01T14:45:49","modified_gmt":"2021-03-01T13:45:49","slug":"italian-energy-summit-lintervento-dellad-e-dg-di-terna-stefano-donnarumma","status":"publish","type":"post","link":"https:\/\/www.area-press.eu\/comunicatistampa\/2021\/03\/01\/italian-energy-summit-lintervento-dellad-e-dg-di-terna-stefano-donnarumma\/","title":{"rendered":"Italian Energy Summit: l\u2019intervento dell\u2019AD e DG di Terna Stefano Donnarumma"},"content":{"rendered":"<p><em><strong>Nel corso dell&#8217;intervista, <a href=\"https:\/\/www.economiaoggi.it\/tag\/stefano-donnarumma\/\" title=\"Stefano Donnarumma: nuovo piano industriale Terna\">Stefano Donnarumma<\/a> ha annunciato il nuovo Piano Industriale di Terna per il mese di novembre.<\/strong><\/em><\/p>\n<p><a href=\"https:\/\/www.economiaoggi.it\/tag\/stefano-donnarumma\/\" title=\"Stefano Donnarumma - economia oggi\"><img decoding=\"async\" alt=\"Stefano Donnarumma, AD Terna\" src=\"https:\/\/www.topmanagers.it\/SharingFolder\/TopManager\/it\/ManagerProfilePhoto\/Photo\/StefanoAntonioDonnarumma-topmanager.jpg\" width=\"120\" \/><\/a><\/p>\n<h2>Covid-19, Stefano Donnarumma: &quot;Una palestra per il sistema elettrico&quot;<\/h2>\n<p>Il 29 e il 30 settembre scorso si \u00e8 tenuta in modalit\u00e0 online la XX edizione dell&#8221;Italian Energy Summit, evento dedicato al settore energetico a cura del quotidiano &quot;Il Sole 24 Ore&quot;. Una serie di dibattiti che quest&#8217;anno sono stati incentrati principalmente sugli effetti della pandemia e sugli strumenti da mettere in campo per le sfide future. Tra i partecipanti <strong>Stefano Donnarumma<\/strong>, Amministratore Delegato e Direttore Generale di <strong>Terna<\/strong>, intervenuto al talk <em>&quot;Il ruolo del TSO nella transizione energetica&quot;<\/em>. Intervistato da Celestina Dominelli, il manager inizialmente ha descritto gli effetti dell&#8217;emergenza sanitaria: <em>&quot;Un impatto c&#8217;\u00e8 stato ed \u00e8 ancora in corso: mi riferisco principalmente al calo dei consumi, che ad oggi si misura tra il 7 e l&#8217;8%. Nei momenti pi\u00f9 critici dell&#8217;emergenza c&#8217;\u00e8 stato il rischio concreto di andare in sovrapproduzione e <strong>Terna<\/strong> ha dovuto in quanto system operator impedire l&#8217;immissione di energia rinnovabile. Attualmente ci ritroviamo in un&#8217;altra condizione anomala, ossia stiamo esportando energia, anche in quantitativi significativi. Condizioni rare che devono fare molto riflettere&quot;<\/em>. Nei prossimi anni ci sar\u00e0 bisogno di regolare attentamente il flusso sempre pi\u00f9 ingente dell&#8217;energia proveniente dalle fonti rinnovabili: <em>&quot;Il Covid \u00e8 stata una palestra per il sistema elettrico nazionale su situazioni e condizioni che potrebbero verificarsi in futuro&quot;<\/em>, ha commentato <strong>Stefano Donnarumma<\/strong>.<\/p>\n<h2>Stefano Donnarumma: nel nuovo Piano un capitolo su come gestire il &quot;new normal&quot;<\/h2>\n<p>Recentemente, la Commissione Europea ha dato una forte accelerata al processo gi\u00e0 avviato di decarbonizzazione, ribadendo il crescente peso delle fonti green: <em>&quot;Solo pochi anni fa le unit\u00e0 produttive italiane da collegare alla rete erano circa 800<\/em> &#8211; ha sottolineato <strong><a href=\"https:\/\/www.economiaoggi.it\/tag\/stefano-donnarumma\/\" title=\"Stefano Donnarumma, economia oggi\">Stefano Donnarumma<\/a><\/strong> &#8211; <em>oggi abbiamo raggiunto gli 800.000: l&#8217;incremento sar\u00e0 continuo e bisogner\u00e0 creare i presupposti perch\u00e9 ci\u00f2 avvenga, intervenendo ad esempio nell&#8217;ambito autorizzativo. <strong>Terna<\/strong> deve fare di tutto nei prossimi anni per abilitare questa crescita: da un lato continuando negli investimenti per sbottigliare la rete, dall&#8217;altro dovr\u00e0 anche raggiungere, meglio di oggi, le aree di potenziale sviluppo&quot;<\/em>. La transizione energetica rientra anche tra gli obiettivi del Piano Nazionale Integrato per l&#8217;Energia e il Clima, nel quale Terna riveste un ruolo cruciale: <em>&quot;Una partita che deve essere vinta. Nel piano decennale di Terna si parla di pi\u00f9 di 14 miliardi di investimenti destinati alla reinfrastrutturazione, quindi all&#8217;irrobustimento e alla resilienza del sistema. Sono convinto che il clima in cui ci troviamo possa essere favorevole per questo importante processo di sviluppo, soprattutto dal punto di vista dell&#8217;iter autorizzativo&quot;<\/em>. Tra le sfide future di <strong>Terna<\/strong>, anche la gestione delle nuove modalit\u00e0 di lavoro diffuse in risposta alle restrizioni causate dal Covid: <em>&quot;Una prova complessa ma che abbiamo affrontato grazie all&#8217;esperienza nella gestione delle emergenze, che accadono spesso in questo settore. Durante il lockdown \u00e8 stato attivato in pochi giorni lo smart working per l&#8217;80-90% dei dipendenti. Oggi siamo intorno al 30-40%. Indubbiamente oggi siamo di fronte a un cambiamento nel mondo del lavoro. Nel nuovo Piano Industriale che presenteremo indicativamente a novembre<\/em> &#8211; ha dichiarato <strong>Stefano Donnarumma<\/strong> &#8211; <em>ci sar\u00e0 una parte dedicata proprio al cosiddetto &#8216;new normal&#8217;, sugli accordi sindacali, le tecnologie da applicare e in generale tutto ci\u00f2 che necessiter\u00e0 fare per garantire al meglio il prosieguo delle attivit\u00e0 nel futuro&quot;<\/em>.<\/p>\n<p><span data-mce-type=\"bookmark\" style=\"width: 0px;overflow: hidden;line-height: 0\" class=\"mce_SELRES_start\">\ufeff<\/span><\/p>\n","protected":false},"excerpt":{"rendered":"<p>Nel corso dell&#8217;intervista, Stefano Donnarumma ha annunciato il nuovo Piano Industriale di Terna per il mese di novembre. Covid-19, Stefano Donnarumma: &quot;Una palestra per il sistema elettrico&quot; Il 29 e il 30 settembre scorso si \u00e8 tenuta in modalit\u00e0 online la XX edizione dell&#8221;Italian Energy Summit, evento dedicato al settore energetico a cura del quotidiano [&hellip;]<\/p>\n","protected":false},"author":3860,"featured_media":0,"comment_status":"open","ping_status":"open","sticky":false,"template":"","format":"standard","meta":{"footnotes":""},"categories":[5],"tags":[27722,17416],"class_list":["post-57045","post","type-post","status-publish","format-standard","hentry","category-aziendali","tag-stefano-donnarumma","tag-terna"],"_links":{"self":[{"href":"https:\/\/www.area-press.eu\/comunicatistampa\/wp-json\/wp\/v2\/posts\/57045","targetHints":{"allow":["GET"]}}],"collection":[{"href":"https:\/\/www.area-press.eu\/comunicatistampa\/wp-json\/wp\/v2\/posts"}],"about":[{"href":"https:\/\/www.area-press.eu\/comunicatistampa\/wp-json\/wp\/v2\/types\/post"}],"author":[{"embeddable":true,"href":"https:\/\/www.area-press.eu\/comunicatistampa\/wp-json\/wp\/v2\/users\/3860"}],"replies":[{"embeddable":true,"href":"https:\/\/www.area-press.eu\/comunicatistampa\/wp-json\/wp\/v2\/comments?post=57045"}],"version-history":[{"count":1,"href":"https:\/\/www.area-press.eu\/comunicatistampa\/wp-json\/wp\/v2\/posts\/57045\/revisions"}],"predecessor-version":[{"id":57046,"href":"https:\/\/www.area-press.eu\/comunicatistampa\/wp-json\/wp\/v2\/posts\/57045\/revisions\/57046"}],"wp:attachment":[{"href":"https:\/\/www.area-press.eu\/comunicatistampa\/wp-json\/wp\/v2\/media?parent=57045"}],"wp:term":[{"taxonomy":"category","embeddable":true,"href":"https:\/\/www.area-press.eu\/comunicatistampa\/wp-json\/wp\/v2\/categories?post=57045"},{"taxonomy":"post_tag","embeddable":true,"href":"https:\/\/www.area-press.eu\/comunicatistampa\/wp-json\/wp\/v2\/tags?post=57045"}],"curies":[{"name":"wp","href":"https:\/\/api.w.org\/{rel}","templated":true}]}}