{"id":57037,"date":"2021-03-01T14:45:48","date_gmt":"2021-03-01T13:45:48","guid":{"rendered":"https:\/\/www.area-press.eu\/comunicatistampa\/?p=57037"},"modified":"2021-03-01T14:45:48","modified_gmt":"2021-03-01T13:45:48","slug":"francesco-starace-il-mondo-dellenergia-nel-2021-lintervento-a-lanno-che-verra","status":"publish","type":"post","link":"https:\/\/www.area-press.eu\/comunicatistampa\/2021\/03\/01\/francesco-starace-il-mondo-dellenergia-nel-2021-lintervento-a-lanno-che-verra\/","title":{"rendered":"Francesco Starace: il mondo dell\u2019energia nel 2021, l\u2019intervento a \u201cL\u2019anno che verr\u00e0\u201d"},"content":{"rendered":"<p><em><strong>&quot;L&#8217;anno che verr\u00e0&quot;: le considerazioni dell&#8217;AD e DG di Enel <a href=\"https:\/\/video.repubblica.it\/dossier\/anno-che-verra\/una-energia-piu-pulita-dialogo-con-francesco-starace-enel\/372778\/373398\" title=\"Francesco Starace, intervento a l'anno che verr\u00e0\">Francesco Starace<\/a> sul futuro dell&#8217;energia al centro dell&#8217;intervista dello scorso 14 dicembre nel corso dell&#8217;evento online organizzato da &quot;Repubblica&quot;.<\/strong> <\/em><\/p>\n<p><a href=\"https:\/\/video.repubblica.it\/dossier\/anno-che-verra\/una-energia-piu-pulita-dialogo-con-francesco-starace-enel\/372778\/373398\" title=\"Francesco Starace, Enel: futuro dell'energia\"><img decoding=\"async\" alt=\"Francesco Starace, AD e DG Enel\" src=\"https:\/\/www.primaonline.it\/wp-content\/uploads\/2015\/06\/Starace.jpg\" width=\"120\" \/><\/a><\/p>\n<h2>Francesco Starace: l&#8217;intervento dell&#8217;AD e DG di Enel a &quot;L&#8217;anno che verr\u00e0&quot; di &quot;Repubblica&quot;<\/h2>\n<p><em>&quot;Il 2021 sar\u00e0 l&#8217;anno dei vaccini, un grande anno. L&#8217;anno della rinascita, della ripresa, della liberazione&quot;<\/em>: l&#8217;augurio di <strong>Francesco Starace<\/strong> \u00e8 che <em>&quot;insieme si possa riprendere a camminare nel percorso che si \u00e8 interrotto all&#8217;inizio di quest&#8217;anno, a causa della pandemia&quot;<\/em>. Intervistato lo scorso 14 dicembre nell&#8217;ambito de &quot;L&#8217;anno che verr\u00e0&quot;, evento online promosso da &quot;Repubblica&quot;, l&#8217;AD e DG di Enel ha parlato delle sfide che attendono il mondo dell&#8217;energia nei prossimi mesi. Il raggiungimento degli obiettivi fissati dall&#8217;accordo di Parigi nel 2015 continua ad essere la priorit\u00e0: il mondo in questi anni si \u00e8 mosso bene. Non sempre la velocit\u00e0 con cui ci si arriva \u00e8 quella auspicata, ma oggi su questi temi c&#8217;\u00e8 una consapevolezza maggiore rispetto a cinque anni fa: <em>&quot;Parigi ha seminato bene e oggi i semi stanno germogliando&quot;<\/em>. Il 2021 sar\u00e0 anche l&#8217;anno della Cop 26 di Glasgow: secondo l&#8217;AD un&#8217;occasione per riflettere in particolare sugli strumenti di governance e dunque sulla trasparenza nei dati relativi all&#8217;impegno sul fronte della sostenibilit\u00e0 che oggi non richiedono pi\u00f9 solamente la scienza e le istituzioni ma anche gli investitori stessi. Nel corso dell&#8217;intervista <strong>Francesco Starace<\/strong> si \u00e8 soffermato inoltre sulla transizione energetica evidenziando come non si possa prevedere una fine perch\u00e9 <em>&quot;\u00e8 intrinseca nella storia dell&#8217;uomo&quot;<\/em>: c&#8217;\u00e8 da sempre e continuer\u00e0 ad esserci per molto tempo perch\u00e9 guidata da forze <em>&quot;profondissime&quot;<\/em> che sono <em>&quot;le radici dell&#8217;evoluzione tecnologica nel mondo&quot;<\/em>.<\/p>\n<h2>Francesco Starace: il 2021 di Enel sempre pi\u00f9 all&#8217;insegna della sostenibilit\u00e0<\/h2>\n<p>Impossibile non proiettarsi nel futuro dell&#8217;energia senza parlare di idrogeno green: per l&#8217;AD <strong><a href=\"https:\/\/video.repubblica.it\/dossier\/anno-che-verra\/una-energia-piu-pulita-dialogo-con-francesco-starace-enel\/372778\/373398\" title=\"Francesco Starace, AD e DG Enel, ospite l'anno che verr\u00e0\">Francesco Starace<\/a><\/strong> <em>&quot;un&#8217;idea eccellente&quot;<\/em> che Enel \u00e8 fortemente intenzionata a sviluppare. L&#8217;idrogeno attuale ha un&#8217;impronta di carbonio molto alta mentre quello green, prodotto dall&#8217;elettrolisi utilizzando esclusivamente energia da fonti rinnovabili, \u00e8 decarbonizzato ma <em>&quot;al momento \u00e8 molto costoso&quot;<\/em>: il Gruppo ha avviato diverse collaborazioni con Eni e altri partner che hanno portato allo sviluppo di progetti pilota finalizzati a rendere l&#8217;idrogeno green competitivo e incentivarne la diffusione. Per quanto riguarda la mobilit\u00e0 elettrica, l&#8217;AD <strong>Francesco Starace<\/strong> ne ha analizzato le prospettive di crescita, focalizzandosi in particolare sull&#8217;impegno di Enel nel promuoverne lo sviluppo nel Paese, anche attraverso la realizzazione di una infrastruttura capillare e tecnologicamente avanzata per la ricarica dei veicoli elettrici, funzionale ad aumentarne il numero in Italia e a portare benefici per l&#8217;ambiente, il sistema economico, le imprese e i cittadini, in linea con la mission che si \u00e8 dato il Gruppo.<\/p>\n","protected":false},"excerpt":{"rendered":"<p>&quot;L&#8217;anno che verr\u00e0&quot;: le considerazioni dell&#8217;AD e DG di Enel Francesco Starace sul futuro dell&#8217;energia al centro dell&#8217;intervista dello scorso 14 dicembre nel corso dell&#8217;evento online organizzato da &quot;Repubblica&quot;. Francesco Starace: l&#8217;intervento dell&#8217;AD e DG di Enel a &quot;L&#8217;anno che verr\u00e0&quot; di &quot;Repubblica&quot; &quot;Il 2021 sar\u00e0 l&#8217;anno dei vaccini, un grande anno. L&#8217;anno della rinascita, [&hellip;]<\/p>\n","protected":false},"author":3920,"featured_media":0,"comment_status":"open","ping_status":"open","sticky":false,"template":"","format":"standard","meta":{"footnotes":""},"categories":[5],"tags":[10926],"class_list":["post-57037","post","type-post","status-publish","format-standard","hentry","category-aziendali","tag-francesco-starace"],"_links":{"self":[{"href":"https:\/\/www.area-press.eu\/comunicatistampa\/wp-json\/wp\/v2\/posts\/57037","targetHints":{"allow":["GET"]}}],"collection":[{"href":"https:\/\/www.area-press.eu\/comunicatistampa\/wp-json\/wp\/v2\/posts"}],"about":[{"href":"https:\/\/www.area-press.eu\/comunicatistampa\/wp-json\/wp\/v2\/types\/post"}],"author":[{"embeddable":true,"href":"https:\/\/www.area-press.eu\/comunicatistampa\/wp-json\/wp\/v2\/users\/3920"}],"replies":[{"embeddable":true,"href":"https:\/\/www.area-press.eu\/comunicatistampa\/wp-json\/wp\/v2\/comments?post=57037"}],"version-history":[{"count":1,"href":"https:\/\/www.area-press.eu\/comunicatistampa\/wp-json\/wp\/v2\/posts\/57037\/revisions"}],"predecessor-version":[{"id":57038,"href":"https:\/\/www.area-press.eu\/comunicatistampa\/wp-json\/wp\/v2\/posts\/57037\/revisions\/57038"}],"wp:attachment":[{"href":"https:\/\/www.area-press.eu\/comunicatistampa\/wp-json\/wp\/v2\/media?parent=57037"}],"wp:term":[{"taxonomy":"category","embeddable":true,"href":"https:\/\/www.area-press.eu\/comunicatistampa\/wp-json\/wp\/v2\/categories?post=57037"},{"taxonomy":"post_tag","embeddable":true,"href":"https:\/\/www.area-press.eu\/comunicatistampa\/wp-json\/wp\/v2\/tags?post=57037"}],"curies":[{"name":"wp","href":"https:\/\/api.w.org\/{rel}","templated":true}]}}