{"id":56738,"date":"2021-02-15T16:34:41","date_gmt":"2021-02-15T15:34:41","guid":{"rendered":"https:\/\/www.area-press.eu\/comunicatistampa\/?p=56738"},"modified":"2021-02-15T16:34:41","modified_gmt":"2021-02-15T15:34:41","slug":"the-voice-of-business-francesco-starace-lo-sguardo-di-enel-sul-mondo","status":"publish","type":"post","link":"https:\/\/www.area-press.eu\/comunicatistampa\/2021\/02\/15\/the-voice-of-business-francesco-starace-lo-sguardo-di-enel-sul-mondo\/","title":{"rendered":"\u201cThe Voice of Business\u201d, Francesco Starace: lo sguardo di Enel sul mondo"},"content":{"rendered":"<p><em><strong>Il mondo dell&#8217;energia dopo la pandemia, gli scenari geopolitici e la grande sfida della sostenibilit\u00e0: la visione dell&#8217;AD e DG di Enel <a href=\"https:\/\/tg24.sky.it\/economia\/2020\/12\/18\/the-voice-of-business-francesco-starace-newest\" title=\"Francesco Starace, intervista the voice of business\">Francesco Starace nell&#8217;intervista per &quot;The Voice of Business&quot;<\/a>.<\/strong><\/em><\/p>\n<p><img decoding=\"async\" alt=\"Francesco Starace\" src=\"https:\/\/www.francescostarace.it\/content\/dam\/enel-ceo\/francesco-starace.jpg\" width=\"120\" \/><\/p>\n<h2>&quot;The Voice of Business&quot;: intervista all&#8217;AD di Enel Francesco Starace<\/h2>\n<p>Il presente di Enel \u00e8 nel suo futuro. E lo \u00e8 da sempre, perch\u00e9 \u00e8 guardando costantemente avanti che oggi \u00e8 diventata la pi\u00f9 grande azienda italiana per capitalizzazione di mercato e una delle pi\u00f9 importanti al mondo. Tra le prime a intuire il valore della sostenibilit\u00e0 e a improntare le proprie strategie di crescita su di essa, la realt\u00e0 guidata da <strong>Francesco Starace<\/strong> \u00e8 gi\u00e0 proiettata verso nuovi obiettivi, come ha spiegato l&#8217;Amministratore Delegato e Direttore Generale nell&#8217;intervista per &quot;The Voice of Business&quot;, il primo canale web in inglese per investitori e osservatori internazionali dedicato al mondo del business in Italia. Nel suo intervento, ripreso anche da Sky Tg24 che insieme a Newest promuove l&#8217;iniziativa, <strong>Francesco Starace<\/strong> ha tracciato un quadro dell&#8217;evoluzione del settore energetico, focalizzandosi in particolare sul ruolo di Enel in questo scenario. L&#8217;AD ha parlato dell&#8217;impegno del Gruppo nell&#8217;accelerare sul fronte della decarbonizzazione e della digitalizzazione, sancito nel piano 2021-2023 presentato lo scorso novembre insieme a un outlook al 2030.<\/p>\n<h2>Enel: il ritratto professionale dell&#8217;AD Francesco Starace e il suo impegno per la sostenibilit\u00e0<\/h2>\n<p>La recente nomina a Presidente del Consiglio di Amministrazione di Sustainable Energy for All (SEforALL), l&#8217;organizzazione internazionale no-profit che in partnership con le Nazioni Unite lavora per garantire l&#8217;accesso a un&#8217;energia accessibile, affidabile, sostenibile e moderna per tutti (SDG7), \u00e8 solo l&#8217;ultimo riconoscimento (in ordine di tempo) dell&#8217;impegno di <strong><a href=\"https:\/\/tg24.sky.it\/economia\/2020\/12\/18\/the-voice-of-business-francesco-starace-newest\" title=\"Francesco Starace, AD Enel: intervista voice of business\">Francesco Starace<\/a><\/strong> sul fronte della sostenibilit\u00e0. Dal 2014 Amministratore Delegato e Direttore Generale di Enel, riconfermato quest&#8217;anno per il terzo mandato, ha lavorato in NIRA Ansaldo (1981-82), General Electric (1982-87), ABB Group (1987-98) e Alstom Power (1998-2000) ricoprendo diverse posizioni in ambito manageriale. Entra in Enel nel 2000 inizialmente come Responsabile Energy Management di Enel Produzione: due anni dopo \u00e8 chiamato a ricoprire il ruolo di Responsabile dell&#8217;Area Business Power all&#8217;interno della divisione Generazione ed Energy Management. Nel 2005 arriva a dirigere la direzione della Divisione Mercato Italia: lascer\u00e0 l&#8217;incarico nel 2008 quando viene nominato AD di Enel Green Power, societ\u00e0 specializzata nello sviluppo e nella gestione di attivit\u00e0 legate all&#8217;energia da fonti rinnovabili. La guida per sei anni portandola ad affermarsi a livello mondiale tra i principali player del settore. Nel maggio 2014 diventa AD e DG di Enel. Due anni dopo presenta all&#8217;ONU gli impegni del Gruppo per contribuire al raggiungimento degli obiettivi globali di crescita socio economica e di sviluppo sostenibile e per combattere fame e cambiamento climatico. Non a caso Elizabeth Cousens, Vice Presidente del Consiglio di Amministrazione di SEforALL e Presidente e Amministratore Delegato della Fondazione delle Nazioni Unite, ha parlato di lui come di <em>&quot;un leader energetico visionario con una lunga esperienza nel guidare l&#8217;ambizione imprenditoriale intorno all&#8217;azione per il clima, la sostenibilit\u00e0 e l&#8217;accesso all&#8217;energia per centinaia di milioni di persone in tutto il mondo che ne sono prive&quot;<\/em>. E ha definito la nomina a Presidente di Sustainable Energy for All (SEforALL), uno dei numerosi incarichi internazionali ricoperti da <strong>Francesco Starace<\/strong> parallelamente ai suoi ruoli in Enel, come <em>&quot;una scelta naturale per questo importante ruolo in un momento cos\u00ec critico&quot;<\/em>.<\/p>\n","protected":false},"excerpt":{"rendered":"<p>Il mondo dell&#8217;energia dopo la pandemia, gli scenari geopolitici e la grande sfida della sostenibilit\u00e0: la visione dell&#8217;AD e DG di Enel Francesco Starace nell&#8217;intervista per &quot;The Voice of Business&quot;. &quot;The Voice of Business&quot;: intervista all&#8217;AD di Enel Francesco Starace Il presente di Enel \u00e8 nel suo futuro. E lo \u00e8 da sempre, perch\u00e9 \u00e8 [&hellip;]<\/p>\n","protected":false},"author":3920,"featured_media":0,"comment_status":"open","ping_status":"open","sticky":false,"template":"","format":"standard","meta":{"footnotes":""},"categories":[5],"tags":[12227,10926],"class_list":["post-56738","post","type-post","status-publish","format-standard","hentry","category-aziendali","tag-enel","tag-francesco-starace"],"_links":{"self":[{"href":"https:\/\/www.area-press.eu\/comunicatistampa\/wp-json\/wp\/v2\/posts\/56738","targetHints":{"allow":["GET"]}}],"collection":[{"href":"https:\/\/www.area-press.eu\/comunicatistampa\/wp-json\/wp\/v2\/posts"}],"about":[{"href":"https:\/\/www.area-press.eu\/comunicatistampa\/wp-json\/wp\/v2\/types\/post"}],"author":[{"embeddable":true,"href":"https:\/\/www.area-press.eu\/comunicatistampa\/wp-json\/wp\/v2\/users\/3920"}],"replies":[{"embeddable":true,"href":"https:\/\/www.area-press.eu\/comunicatistampa\/wp-json\/wp\/v2\/comments?post=56738"}],"version-history":[{"count":1,"href":"https:\/\/www.area-press.eu\/comunicatistampa\/wp-json\/wp\/v2\/posts\/56738\/revisions"}],"predecessor-version":[{"id":56739,"href":"https:\/\/www.area-press.eu\/comunicatistampa\/wp-json\/wp\/v2\/posts\/56738\/revisions\/56739"}],"wp:attachment":[{"href":"https:\/\/www.area-press.eu\/comunicatistampa\/wp-json\/wp\/v2\/media?parent=56738"}],"wp:term":[{"taxonomy":"category","embeddable":true,"href":"https:\/\/www.area-press.eu\/comunicatistampa\/wp-json\/wp\/v2\/categories?post=56738"},{"taxonomy":"post_tag","embeddable":true,"href":"https:\/\/www.area-press.eu\/comunicatistampa\/wp-json\/wp\/v2\/tags?post=56738"}],"curies":[{"name":"wp","href":"https:\/\/api.w.org\/{rel}","templated":true}]}}