{"id":56721,"date":"2021-02-15T16:34:40","date_gmt":"2021-02-15T15:34:40","guid":{"rendered":"https:\/\/www.area-press.eu\/comunicatistampa\/?p=56721"},"modified":"2021-02-15T16:34:40","modified_gmt":"2021-02-15T15:34:40","slug":"terna-nel-nasdaq-sustainable-bond-network-stefano-donnarumma-pionieri-in-mercato-green-bond","status":"publish","type":"post","link":"https:\/\/www.area-press.eu\/comunicatistampa\/2021\/02\/15\/terna-nel-nasdaq-sustainable-bond-network-stefano-donnarumma-pionieri-in-mercato-green-bond\/","title":{"rendered":"Terna nel Nasdaq Sustainable Bond Network, Stefano Donnarumma: pionieri in mercato green bond"},"content":{"rendered":"<p><em><strong>Terna aderisce al Nasdaq Sustainable Bond Network, l\u2019AD e DG <a href=\"https:\/\/www.ansa.it\/ansa2030\/notizie\/finanza_impresa\/2021\/01\/28\/terna-aderisce-a-piattaforma-nasdaq-sulla-sostenibilita_f4c48140-f15c-4f7a-84a9-918d8d567fa3.html\" title=\"Stefano Donnarumma Terna nel Nasdaq\">Stefano Donnarumma<\/a>: \u201cLa sostenibilit\u00e0 \u00e8 naturalmente al centro della nostra missione\u201d.<\/strong><\/em><\/p>\n<p><a href=\"https:\/\/www.ansa.it\/ansa2030\/notizie\/finanza_impresa\/2021\/01\/28\/terna-aderisce-a-piattaforma-nasdaq-sulla-sostenibilita_f4c48140-f15c-4f7a-84a9-918d8d567fa3.html\" title=\"Stefano Donnarumma Terna in Nasdaq\"><img loading=\"lazy\" decoding=\"async\" alt=\"Terna in Nasdaq Tower\" height=\"85\" src=\"https:\/\/www.ansa.it\/webimages\/ch_620x438\/2021\/1\/28\/f7e245e75f758503ea1a25a1d3bcd1b9.jpg\" width=\"120\" \/><\/a><\/p>\n<h2>Stefano Donnarumma: Terna prima electric utility italiana nel Nasdaq Sustainable Bond Network<\/h2>\n<p>Non c\u2019\u00e8 futuro senza sostenibilit\u00e0: <strong>Terna<\/strong>, il Gruppo guidato da <strong>Stefano Donnarumma<\/strong> che gestisce la rete elettrica ad alta e altissima tensione, negli ultimi anni ha improntato su questa consapevolezza la propria crescita. Un percorso intrapreso a livello internazionale che si \u00e8 arricchito nei giorni scorsi di una nuova tappa: \u00e8 infatti la prima electric utility italiana ad aver aderito al Nasdaq Sustainable Bond Network, piattaforma gestita dal Nasdaq dedicata alla finanza sostenibile che riunisce investitori, emittenti, banche d&#8217;investimento e organizzazioni specialistiche. Un avvenimento celebrato anche a New York, dove la Nasdaq Tower a Times Square \u00e8 stata illuminata con il logo \u201cTerna Driving Energy\u201d: per il Gruppo che <strong>Stefano Donnarumma<\/strong> guida dallo scorso maggio in qualit\u00e0 di Amministratore Delegato e Direttore Generale \u00e8 un ulteriore riconoscimento al \u201c<em>forte impegno del pi\u00f9 grande operatore indipendente europeo di trasmissione dell&#8217;energia elettrica quale abilitatore della transizione energetica, per una rete sempre pi\u00f9 affidabile, efficiente, tecnologica e, soprattutto, green<\/em>\u201d.<\/p>\n<h2>Stefano Donnarumma: il logo \u201cTerna Driving Energy&quot; illumina la Nasdaq Tower a Times Square<\/h2>\n<p>\u201c<em>Siamo stati pionieri nel mercato dei green bond e oggi siamo felici di aderire al Nasdaq network<\/em>\u201d, ha commentato in merito l\u2019Amministratore Delegato e Direttore Generale <a href=\"https:\/\/www.ansa.it\/ansa2030\/notizie\/finanza_impresa\/2021\/01\/28\/terna-aderisce-a-piattaforma-nasdaq-sulla-sostenibilita_f4c48140-f15c-4f7a-84a9-918d8d567fa3.html\" title=\"Stefano Donnarumma Amministratore Delegato Terna\">Stefano Donnarumma<\/a> ricordando l\u2019impegno di <strong>Terna<\/strong> per la transizione energetica e la sostenibilit\u00e0. Non a caso uno dei pilastri del Piano Industriale 2021-2025 \u00e8 infatti negli investimenti sostenibili, finalizzati all&#8217;integrazione delle fonti rinnovabili per aumentare l&#8217;efficienza e la resilienza della rete, a riprova di quanto evidenziato dall\u2019AD e DG <strong>Stefano Donnarumma<\/strong>: \u201c<em><strong>Terna<\/strong> \u00e8 il regista del sistema energetico italiano: la sostenibilit\u00e0 \u00e8 naturalmente al centro della nostra missione<\/em>\u201d. Sul fronte della finanza sostenibile, la leadership del Gruppo \u00e8 ampiamente riconosciuta dal mercato che, nel 2018, ha accolto positivamente le emissioni obbligazionarie green del gestore della rete elettrica nazionale. Nel luglio 2020 inoltre l\u2019emissione di un altro green bond ha fatto registrare il pi\u00f9 basso tasso mai ottenuto tra le corporate italiane sia per green bond sia, in generale, per emissioni sopra i dieci anni.<\/p>\n","protected":false},"excerpt":{"rendered":"<p>Terna aderisce al Nasdaq Sustainable Bond Network, l\u2019AD e DG Stefano Donnarumma: \u201cLa sostenibilit\u00e0 \u00e8 naturalmente al centro della nostra missione\u201d. Stefano Donnarumma: Terna prima electric utility italiana nel Nasdaq Sustainable Bond Network Non c\u2019\u00e8 futuro senza sostenibilit\u00e0: Terna, il Gruppo guidato da Stefano Donnarumma che gestisce la rete elettrica ad alta e altissima tensione, [&hellip;]<\/p>\n","protected":false},"author":3860,"featured_media":0,"comment_status":"open","ping_status":"open","sticky":false,"template":"","format":"standard","meta":{"footnotes":""},"categories":[5],"tags":[27722,17416],"class_list":["post-56721","post","type-post","status-publish","format-standard","hentry","category-aziendali","tag-stefano-donnarumma","tag-terna"],"_links":{"self":[{"href":"https:\/\/www.area-press.eu\/comunicatistampa\/wp-json\/wp\/v2\/posts\/56721","targetHints":{"allow":["GET"]}}],"collection":[{"href":"https:\/\/www.area-press.eu\/comunicatistampa\/wp-json\/wp\/v2\/posts"}],"about":[{"href":"https:\/\/www.area-press.eu\/comunicatistampa\/wp-json\/wp\/v2\/types\/post"}],"author":[{"embeddable":true,"href":"https:\/\/www.area-press.eu\/comunicatistampa\/wp-json\/wp\/v2\/users\/3860"}],"replies":[{"embeddable":true,"href":"https:\/\/www.area-press.eu\/comunicatistampa\/wp-json\/wp\/v2\/comments?post=56721"}],"version-history":[{"count":1,"href":"https:\/\/www.area-press.eu\/comunicatistampa\/wp-json\/wp\/v2\/posts\/56721\/revisions"}],"predecessor-version":[{"id":56724,"href":"https:\/\/www.area-press.eu\/comunicatistampa\/wp-json\/wp\/v2\/posts\/56721\/revisions\/56724"}],"wp:attachment":[{"href":"https:\/\/www.area-press.eu\/comunicatistampa\/wp-json\/wp\/v2\/media?parent=56721"}],"wp:term":[{"taxonomy":"category","embeddable":true,"href":"https:\/\/www.area-press.eu\/comunicatistampa\/wp-json\/wp\/v2\/categories?post=56721"},{"taxonomy":"post_tag","embeddable":true,"href":"https:\/\/www.area-press.eu\/comunicatistampa\/wp-json\/wp\/v2\/tags?post=56721"}],"curies":[{"name":"wp","href":"https:\/\/api.w.org\/{rel}","templated":true}]}}