{"id":56670,"date":"2021-02-11T11:38:45","date_gmt":"2021-02-11T10:38:45","guid":{"rendered":"https:\/\/www.area-press.eu\/comunicatistampa\/?p=56670"},"modified":"2021-02-15T22:09:49","modified_gmt":"2021-02-15T21:09:49","slug":"guglielmo-mi-sono-rotto-il-caos","status":"publish","type":"post","link":"https:\/\/www.area-press.eu\/comunicatistampa\/2021\/02\/11\/guglielmo-mi-sono-rotto-il-caos\/","title":{"rendered":"Guglielmo, Mi sono rotto il caos"},"content":{"rendered":"<p style=\"text-align: center\"><i>il singolo del cantautore che affronta le varie sfaccettature delle depressione<\/i><\/p>\n<p><iframe loading=\"lazy\" title=\"Sonoguglielmo - Mi sono rotto il Caos\" width=\"500\" height=\"281\" src=\"https:\/\/www.youtube.com\/embed\/_HPN376XH7E?feature=oembed\" frameborder=\"0\" allow=\"accelerometer; autoplay; clipboard-write; encrypted-media; gyroscope; picture-in-picture; web-share\" referrerpolicy=\"strict-origin-when-cross-origin\" allowfullscreen><\/iframe><\/p>\n<p>\u201c<b>Mi sono rotto il caos<\/b>\u201d parla delle varie sfaccettature della depressione, un mostro solo, ma con tante facce. Ho voluto vestire il brano con un arrangiamento leggero rispetto al testo, sia per smorzare un tema cos\u00ec pesante, sia per trasfigurare la mia realt\u00e0 nella musica&#8230;Spesso le persone che soffrono\u00a0 davvero, sono le stesse che in pubblico ridono di pi\u00f9. \u00c8 raro che agli altri importi quanto tu stia male, quindi il sorriso viene in soccorso perch\u00e9 lascia poco spazio alle domande a cui non vuoi rispondere.<\/p>\n<p>Per l\u2019arrangiamento che ho curato insieme a Vincenzo Cristi abbiamo preso ispirazione dal mondo del punk rock rivisto in chiave moderna, in collaborazione con Giovanni Cilio che ha invece registrato la batteria.<\/p>\n<p>Guglielmo \u00e8 un cantautore di 25 anni.<br \/>\nPrende ispirazione da tutte le varie sfumature del rock (nello specifico grunge, punk-rock, noise) e dal mondo del cantautorato e della scena urban.<br \/>\nEsibitosi all\u2019interno di vari gruppi rock e da solista in esibizioni live dal 2015 al 2019.<br \/>\nDal 2019 si \u00e8 concentrato solo sull\u2019incisione dei propri brani.<br \/>\nNel 2020 pubblica due brani tramite l\u2019etichetta \u201cBrano inedito\u201d:<br \/>\nRivoluzione Naturale<br \/>\nIniezioni di solitudine.<br \/>\nA fine ottobre del 2020 firma con l\u2019etichetta \u201cGhiro\u00a0 Records\u201d con la quale il 15 Gennaio pubblica \u201cMi sono rotto il caos\u201d.<\/p>\n<p><a href=\"https:\/\/www.facebook.com\/sonoguglielmo\">https:\/\/www.facebook.com\/sonoguglielmo<\/a><\/p>\n<p><b><i>Press, radio, Tv Agency<br \/>\nDCOD Communication By GB Play<br \/>\n<\/i><\/b><a href=\"mailto:promoradio@dcodcommunication.it\">promoradio@dcodcommunication.it<\/a><br \/>\n<a href=\"mailto:promostampa@dcodcommunication.it\">promostampa@dcodcommunication.it<\/a><\/p>\n","protected":false},"excerpt":{"rendered":"<p>il singolo del cantautore che affronta le varie sfaccettature delle depressione \u201cMi sono rotto il caos\u201d parla delle varie sfaccettature della depressione, un mostro solo, ma con tante facce. Ho voluto vestire il brano con un arrangiamento leggero rispetto al testo, sia per smorzare un tema cos\u00ec pesante, sia per trasfigurare la mia realt\u00e0 nella [&hellip;]<\/p>\n","protected":false},"author":331,"featured_media":0,"comment_status":"open","ping_status":"open","sticky":false,"template":"","format":"standard","meta":{"footnotes":""},"categories":[12],"tags":[5227,29063,29062,2365],"class_list":["post-56670","post","type-post","status-publish","format-standard","hentry","category-musica","tag-radio","tag-caos","tag-guglielmo","tag-singolo"],"_links":{"self":[{"href":"https:\/\/www.area-press.eu\/comunicatistampa\/wp-json\/wp\/v2\/posts\/56670","targetHints":{"allow":["GET"]}}],"collection":[{"href":"https:\/\/www.area-press.eu\/comunicatistampa\/wp-json\/wp\/v2\/posts"}],"about":[{"href":"https:\/\/www.area-press.eu\/comunicatistampa\/wp-json\/wp\/v2\/types\/post"}],"author":[{"embeddable":true,"href":"https:\/\/www.area-press.eu\/comunicatistampa\/wp-json\/wp\/v2\/users\/331"}],"replies":[{"embeddable":true,"href":"https:\/\/www.area-press.eu\/comunicatistampa\/wp-json\/wp\/v2\/comments?post=56670"}],"version-history":[{"count":1,"href":"https:\/\/www.area-press.eu\/comunicatistampa\/wp-json\/wp\/v2\/posts\/56670\/revisions"}],"predecessor-version":[{"id":56671,"href":"https:\/\/www.area-press.eu\/comunicatistampa\/wp-json\/wp\/v2\/posts\/56670\/revisions\/56671"}],"wp:attachment":[{"href":"https:\/\/www.area-press.eu\/comunicatistampa\/wp-json\/wp\/v2\/media?parent=56670"}],"wp:term":[{"taxonomy":"category","embeddable":true,"href":"https:\/\/www.area-press.eu\/comunicatistampa\/wp-json\/wp\/v2\/categories?post=56670"},{"taxonomy":"post_tag","embeddable":true,"href":"https:\/\/www.area-press.eu\/comunicatistampa\/wp-json\/wp\/v2\/tags?post=56670"}],"curies":[{"name":"wp","href":"https:\/\/api.w.org\/{rel}","templated":true}]}}