{"id":56632,"date":"2021-02-14T09:47:12","date_gmt":"2021-02-14T08:47:12","guid":{"rendered":"https:\/\/www.area-press.eu\/comunicatistampa\/?p=56632"},"modified":"2021-02-14T09:47:12","modified_gmt":"2021-02-14T08:47:12","slug":"santoianni-da-venerdi-12-febbraio-in-radio-e-nei-digital-store-stazione-di-sosta","status":"publish","type":"post","link":"https:\/\/www.area-press.eu\/comunicatistampa\/2021\/02\/14\/santoianni-da-venerdi-12-febbraio-in-radio-e-nei-digital-store-stazione-di-sosta\/","title":{"rendered":"SANTOIANNI: da venerd\u00ec 12 febbraio, in radio e nei digital store, &#8220;STAZIONE DI SOSTA\u201d"},"content":{"rendered":"<div class=\"\"><span class=\"\">Da venerd\u00ec 12 febbraio, in radio e su tutte le piattaforme digitali,\u00a0<b class=\"\">\u201cSTAZIONE DI SOSTA\u201d<\/b>\u00a0il nuovo singolo di<b>\u00a0SANTOIANNI<\/b>. Il brano, distribuito da\u00a0<b class=\"\">Artist First,<\/b>\u00a0sar\u00e0 accompagnato da un videoclip girato da<b class=\"\">\u00a0Luca Cantavenera<\/b>.\u00a0<\/span><span class=\"\">Dall\u2019evoluzione della sua esperienza artistica nasce la nuova identit\u00e0 \u201cSantoianni\u201d.\u00a0<\/span><\/div>\n<div class=\"\"><\/div>\n<div class=\"\"><span class=\"\">&lt;&lt;\u00a0<i class=\"\">Conosco abbastanza bene il mondo della discografia in Italia, l\u2019ho vissuto fin da adolescente: contratti importanti, grandi multinazionali, grandi \u201cprogetti\u201d &#8211;<\/i>\u00a0<b class=\"\">racconta Santoianni<\/b>\u00a0<i class=\"\">-. Questa \u00e8 stata la mia grande fortuna ma anche il mio pi\u00f9 grande limite. Aver capito che non sempre musica e mercato si incontrano mi ha spinto per anni a rifiutare tutto quello che era \u201ccontaminato\u201d da quello che erroneamente definivo \u201ccompromesso\u201d. Oggi sono un ragazzo pi\u00f9 maturo, meno impulsivo ed ho capito che per colpa di queste convinzioni mi stavo tagliando via tanto. Ho imparato ad ascoltare e ho capito che il segreto \u00e8 rimanere s\u00e9 stessi ma evolvendosi. Oggi a 27 anni posso dire di essere veramente pronto<\/i>.&gt;&gt;<\/span><\/div>\n<div class=\"\"><\/div>\n<div class=\"\"><span class=\"\">\u201c<b>S<\/b><b class=\"\">tazione di sosta<\/b>\u201d \u00e8 il manifesto del nuovo percorso musicale volto alla contaminazione di cantautorato e sonorit\u00e0 contemporanee. Nel brano\u00a0 \u201cStazione di sosta\u201d\u00a0 Santoianni riesce a raccontare, una lucida descrizione del nostro tempo vista dagli occhi di chi lo sta vivendo da protagonista, con la paura provocata dal senso di precariet\u00e0 di oggi, con un\u2019ingenua e positiva visione di quello che ci proporr\u00e0 il futuro.\u00a0 La produzione, curata da\u00a0<b class=\"\">Molla<\/b>, fonde la costruzione melodica e del testo della canzone tipica del cantautore con sonorit\u00e0 attuali e una ritmica coinvolgente.<\/span><\/div>\n<div class=\"\"><\/div>\n<div class=\"\"><span class=\"\">&lt;&lt;<i class=\"\">Credo che il brano \u201cStazione di sosta\u201d risponda al suo interno &#8211;\u00a0<\/i><b class=\"\">continua Santoianni\u00a0<\/b><i class=\"\">&#8211; alla domanda pi\u00f9 attuale e generazionale per il momento che tutti stiamo vivendo: cosa ne sar\u00e0 del nostro futuro? Che cosa diventeremo? Forse per la prima volta nella mia vita ho percepito l\u2019incertezza del futuro, il senso di precariet\u00e0. Mentre scrivevo questa canzone ho immaginato utopicamente di poter schiacciare un tasto e di mandare avanti tutto in timelapse come si fa con i video dell\u2019Iphone. Ho immaginato di poter scendere da questo viaggio e di prendermi una pausa in una stazione di sosta. Basta, svegliatemi tra trent\u2019anni quando tutto sar\u00e0 finito ipotizzando che il mondo sar\u00e0 un posto migliore. Perch\u00e9 alla fine sono convinto che prima o poi ritorner\u00e0 di moda avere sogni, avere coraggio, la voglia di cambiare le cose. C\u2019\u00e8 un sottofondo di amaro, ma c\u2019\u00e8 anche un\u2019ingenua positivit\u00e0 che spero di non perdere mai<\/i>\u00a0&gt;&gt;.<\/span><\/div>\n<div class=\"\"><\/div>\n<div class=\"\"><span class=\"\"><b class=\"\">BIOGRAFIA<\/b><\/span><\/div>\n<div class=\"\"><span class=\"\">Classe 1993 Donato Santoianni in arte \u201c<b class=\"\">Santoianni<\/b>\u201d alimenta fin da subito la sua passione per la musica e per le canzoni, in particolare per il cantautorato. Si avvicina molto giovane al mondo della musica firmando un contratto con una Major. Quell\u2019esperienza negativa mette a dura prova il suo percorso artistico tanto da decidere di fermarsi e di ricominciare tutto da capo. Inizia quindi il suo percorso di crescita da autore e cantautore nel 2014 affiancato e supportato da\u00a0<b class=\"\">Gianni Bella\u00a0<\/b>nello studio della composizione e della forma canzone. Il suo percorso d\u2019autore lo porta a vincere per meriti di compositore e autore della parte letteraria il premio della Federazione Autore e Editori italiani come giovane emergente. Nel 2018 partecipa\u00a0<b class=\"\">a Musicultura\u00a0<\/b>con il suo brano\u00a0<b class=\"\">\u201cil turno infrasettimanale\u201d\u00a0<\/b>posizionandosi tra i 20 finalisti del concorso per soli cantautori. Nel 2019 pubblica il suo primo album di inediti\u00a0<b class=\"\">\u201cFossi nato prima\u201d\u00a0<\/b>scritto e composto interamente da lui. Dal 2020 Santoianni comincia un percorso di sperimentazione sonora e di scrittura che lo porta a esplorare nuove realt\u00e0 musicali e di produzione discografica che segnano un prima e un dopo rispetto al suo primo album. Dall\u2019incontro con il produttore Molla nasce la sa nuova identit\u00e0 sonora che vede la luce con il nuovo singolo\u00a0<b class=\"\">\u201cStazione di Sosta\u201d<\/b>. Attualmente\u00a0 Santoianni \u00e8 impegnato nella stesura del suo nuovo progetto discografico lavorando parallelamente anche in veste di autore per interpreti e cantautori.<\/span><\/div>\n<div><\/div>\n<div><a href=\"https:\/\/Santoianni.lnk.to\/StazioneDiSosta\">https:\/\/Santoianni.lnk.to\/StazioneDiSosta<\/a><\/div>\n","protected":false},"excerpt":{"rendered":"<p>Da venerd\u00ec 12 febbraio, in radio e su tutte le piattaforme digitali,\u00a0\u201cSTAZIONE DI SOSTA\u201d\u00a0il nuovo singolo di\u00a0SANTOIANNI. Il brano, distribuito da\u00a0Artist First,\u00a0sar\u00e0 accompagnato da un videoclip girato da\u00a0Luca Cantavenera.\u00a0Dall\u2019evoluzione della sua esperienza artistica nasce la nuova identit\u00e0 \u201cSantoianni\u201d.\u00a0 &lt;&lt;\u00a0Conosco abbastanza bene il mondo della discografia in Italia, l\u2019ho vissuto fin da adolescente: contratti importanti, grandi [&hellip;]<\/p>\n","protected":false},"author":6401,"featured_media":0,"comment_status":"open","ping_status":"open","sticky":false,"template":"","format":"standard","meta":{"footnotes":""},"categories":[12],"tags":[721,4245,29032],"class_list":["post-56632","post","type-post","status-publish","format-standard","hentry","category-musica","tag-musica","tag-musica-italiana","tag-santoianni"],"_links":{"self":[{"href":"https:\/\/www.area-press.eu\/comunicatistampa\/wp-json\/wp\/v2\/posts\/56632","targetHints":{"allow":["GET"]}}],"collection":[{"href":"https:\/\/www.area-press.eu\/comunicatistampa\/wp-json\/wp\/v2\/posts"}],"about":[{"href":"https:\/\/www.area-press.eu\/comunicatistampa\/wp-json\/wp\/v2\/types\/post"}],"author":[{"embeddable":true,"href":"https:\/\/www.area-press.eu\/comunicatistampa\/wp-json\/wp\/v2\/users\/6401"}],"replies":[{"embeddable":true,"href":"https:\/\/www.area-press.eu\/comunicatistampa\/wp-json\/wp\/v2\/comments?post=56632"}],"version-history":[{"count":3,"href":"https:\/\/www.area-press.eu\/comunicatistampa\/wp-json\/wp\/v2\/posts\/56632\/revisions"}],"predecessor-version":[{"id":56635,"href":"https:\/\/www.area-press.eu\/comunicatistampa\/wp-json\/wp\/v2\/posts\/56632\/revisions\/56635"}],"wp:attachment":[{"href":"https:\/\/www.area-press.eu\/comunicatistampa\/wp-json\/wp\/v2\/media?parent=56632"}],"wp:term":[{"taxonomy":"category","embeddable":true,"href":"https:\/\/www.area-press.eu\/comunicatistampa\/wp-json\/wp\/v2\/categories?post=56632"},{"taxonomy":"post_tag","embeddable":true,"href":"https:\/\/www.area-press.eu\/comunicatistampa\/wp-json\/wp\/v2\/tags?post=56632"}],"curies":[{"name":"wp","href":"https:\/\/api.w.org\/{rel}","templated":true}]}}