{"id":56612,"date":"2021-02-14T09:47:11","date_gmt":"2021-02-14T08:47:11","guid":{"rendered":"https:\/\/www.area-press.eu\/comunicatistampa\/?p=56612"},"modified":"2021-02-14T09:47:11","modified_gmt":"2021-02-14T08:47:11","slug":"scuola-darte-fantoni-una-mascherina-speciale-per-il-75-anniversario-di-confartigianato-imprese-bergamo","status":"publish","type":"post","link":"https:\/\/www.area-press.eu\/comunicatistampa\/2021\/02\/14\/scuola-darte-fantoni-una-mascherina-speciale-per-il-75-anniversario-di-confartigianato-imprese-bergamo\/","title":{"rendered":"Scuola d\u2019Arte Fantoni una mascherina speciale per il 75\u00b0 anniversario di Confartigianato Imprese Bergamo"},"content":{"rendered":"<p>Scuola d\u2019Arte Andrea Fantoni e Confartigianato Imprese Bergamo ancora insieme: questa volta per la realizzazione di una mascherina personalizzata voluta dall\u2019Associazione presieduta da Giacinto Giambellini in occasione del 75\u00b0 anniversario di fondazione.<\/p>\n<p>Il progetto ha coinvolto gli studenti della 3COGM, del Centro di Formazione Professionale indirizzo grafico multimedia, sotto la guida della professoressa Giovanna Sala e il coordinamento di Tiziana Locatelli.<\/p>\n<p>\u00abChi studia in una Scuola d\u2019arte e gli Artigiani \u2013 ha spiegato il presidente Giambellini \u2013 sono vicini nella capacit\u00e0 del fare e nell\u2019amore per il fare. Il mondo del lavoro ha bisogno di colore e di arte, assegnare questo lavoro ai ragazzi \u00e8 stato il modo per portare loro tale messaggio\u00bb<\/p>\n<p>La proposta che pi\u00f9 \u00e8 piaciuta al Consiglio di Confartigianato \u00e8 stata quella di Noemi Sofio che ha presentato una grafica moderna e nuova, da inserire nel rinnovamento pi\u00f9 ampio dell\u2019immagine di Confartigianato Bergamo: \u00abElemento principale del mio lavoro \u2013 racconta Noemi \u2013 \u00e8 lo skyline di Bergamo come omaggio alla nostra citt\u00e0 cos\u00ec duramente colpita dalla pandemia. Nelle fasi di lavoro ho pensato che la mascherina fosse un oggetto utile a raccontare quanto sta succedendo, ma anche occasione di ricordo per chi non ce l\u2019ha fatta. I colori nei toni dell\u2019azzurro sono presi dal logo di Confartigianato, ma ho deciso di sfumarli perch\u00e9 potessero illuminare qualsiasi viso\u00bb.<\/p>\n<p>La mascherina, lavabile e realizzata in Italia, sar\u00e0 distribuita in prima battuta ai Consiglieri, ai neo eletti e ai dipendenti di Confartigianato e prodotta su 1.000 esemplari, in totale ne verrano realizzate 10.000: \u00abTutte le proposte \u2013 prosegue Giambellini \u2013 sono state di valore, pur nella loro diversit\u00e0. La scelta non \u00e8 stata facile, ma l\u2019idea di Noemi Sofio \u00e8 quella che ci ha trovato d\u2019accordo. Per valorizzare il suo lavoro abbiamo previsto un cartoncino interno sul quale viene presentata l\u2019iniziativa, le istruzioni di utilizzo e il nome della studentessa\u00bb.<\/p>\n<p>L\u2019iniziativa si inserisce nell\u2019ambito di una collaborazione che da tempo vede lavorare in partnership le due realt\u00e0 \u00a0anche nella realizzazione di progetti di Alternanza Scuola Lavoro presso l\u2019Artilab di via Borgo Palazzo: \u00abSiamo uniti \u2013 spiega Mario Bossi direttore del Centro di Formazione Professionale della Scuola d\u2019Arte Fantoni da una condivisione di obiettivi che intendono creare occasioni utili ai ragazzi per maturare competenze spendibili nel mondo del lavoro e poter diventare in futuro dei professionisti\u00bb.<\/p>\n","protected":false},"excerpt":{"rendered":"<p>Scuola d\u2019Arte Andrea Fantoni e Confartigianato Imprese Bergamo ancora insieme: questa volta per la realizzazione di una mascherina personalizzata voluta dall\u2019Associazione presieduta da Giacinto Giambellini in occasione del 75\u00b0 anniversario di fondazione. Il progetto ha coinvolto gli studenti della 3COGM, del Centro di Formazione Professionale indirizzo grafico multimedia, sotto la guida della professoressa Giovanna Sala [&hellip;]<\/p>\n","protected":false},"author":5015,"featured_media":0,"comment_status":"open","ping_status":"open","sticky":false,"template":"","format":"standard","meta":{"footnotes":""},"categories":[18],"tags":[],"class_list":["post-56612","post","type-post","status-publish","format-standard","hentry","category-altri-vari"],"_links":{"self":[{"href":"https:\/\/www.area-press.eu\/comunicatistampa\/wp-json\/wp\/v2\/posts\/56612","targetHints":{"allow":["GET"]}}],"collection":[{"href":"https:\/\/www.area-press.eu\/comunicatistampa\/wp-json\/wp\/v2\/posts"}],"about":[{"href":"https:\/\/www.area-press.eu\/comunicatistampa\/wp-json\/wp\/v2\/types\/post"}],"author":[{"embeddable":true,"href":"https:\/\/www.area-press.eu\/comunicatistampa\/wp-json\/wp\/v2\/users\/5015"}],"replies":[{"embeddable":true,"href":"https:\/\/www.area-press.eu\/comunicatistampa\/wp-json\/wp\/v2\/comments?post=56612"}],"version-history":[{"count":1,"href":"https:\/\/www.area-press.eu\/comunicatistampa\/wp-json\/wp\/v2\/posts\/56612\/revisions"}],"predecessor-version":[{"id":56613,"href":"https:\/\/www.area-press.eu\/comunicatistampa\/wp-json\/wp\/v2\/posts\/56612\/revisions\/56613"}],"wp:attachment":[{"href":"https:\/\/www.area-press.eu\/comunicatistampa\/wp-json\/wp\/v2\/media?parent=56612"}],"wp:term":[{"taxonomy":"category","embeddable":true,"href":"https:\/\/www.area-press.eu\/comunicatistampa\/wp-json\/wp\/v2\/categories?post=56612"},{"taxonomy":"post_tag","embeddable":true,"href":"https:\/\/www.area-press.eu\/comunicatistampa\/wp-json\/wp\/v2\/tags?post=56612"}],"curies":[{"name":"wp","href":"https:\/\/api.w.org\/{rel}","templated":true}]}}