{"id":56562,"date":"2021-02-14T09:47:01","date_gmt":"2021-02-14T08:47:01","guid":{"rendered":"https:\/\/www.area-press.eu\/comunicatistampa\/?p=56562"},"modified":"2021-02-14T09:47:01","modified_gmt":"2021-02-14T08:47:01","slug":"edifici-nzeb-il-giardino-delle-gemme-di-fidenza","status":"publish","type":"post","link":"https:\/\/www.area-press.eu\/comunicatistampa\/2021\/02\/14\/edifici-nzeb-il-giardino-delle-gemme-di-fidenza\/","title":{"rendered":"Edifici NZEB: il Giardino delle Gemme di Fidenza"},"content":{"rendered":"<p>A <strong>Fidenza<\/strong>, in provincia di Parma, sta nascendo un <strong>mini-quartiere green<\/strong> situato nel centro urbano della citt\u00e0. Composto da 3 palazzine, il <strong>Giardino delle Gemme<\/strong> \u00e8 un insieme di <a href=\"https:\/\/www.montanaricostruzioni.it\/progetti\/il-giardino-delle-gemme\/\" target=\"_blank\" rel=\"noopener\">edifici NZEB<\/a> progettato secondo le tecniche pi\u00f9 avanzate di edilizia residenziale.<\/p>\n<h2>Il Giardino delle Gemme e il Sismabonus Acquisti<\/h2>\n<p>Ricco di spazi e ambienti funzionali e versatili, il Giardino delle Gemme di Fidenza sar\u00e0 un vero e proprio <strong>investimento immobiliare nel tempo<\/strong>, reso ancora pi\u00f9 appetibile dall\u2019estensione fino al 30 giugno 2022 del <strong>Sismabonus Aquisti<\/strong>. Attraverso questa iniziativa di rilancio economico inclusa prima nel <em>Decreto Rilancio 2020<\/em> e poi nella <strong>legge di Bilancio approvata a inizio 2021<\/strong>, si avr\u00f2 un <strong>aumento del credito d\u2019imposta dall\u201985% al 110%<\/strong> per le spese sostenute dalle sole persone fisiche <strong>fino al 30 giugno 2022<\/strong>.<\/p>\n<p>Il Sismabonus Acquisti, infatti, \u00e8 una detrazione d\u2019imposta concessa a chi acquista un\u2019unit\u00e0 immobiliare nuova realizzata su immobili di tipo abitativo con interventi antisismici per fabbricati situati nelle zone sismiche 1, 2 e 3 (come, ad esempio, Fidenza).<\/p>\n<p>Le <strong>unit\u00e0 immobiliari del Giardino delle Gemme<\/strong>, attualmente in costruzione a Fidenza, garantiscono non solo la <strong>sicurezza sismica con riduzione di due classi di rischio<\/strong> inferiore (e quindi con credito d\u2019imposta massimo, dell\u201985%), ma anche un <strong>forte risparmio energetico perch\u00e9 a consumo quasi zero<\/strong> e certificate da rigorosi enti come <strong>PHI Italia<\/strong> (Passive House Institute) e <strong>AHI Italia<\/strong> (Active House Italia).<\/p>\n<p>&nbsp;<\/p>\n<p><img loading=\"lazy\" decoding=\"async\" class=\"\" src=\"https:\/\/www.montanarigreen.it\/media\/2214\/vista-est-rev02.jpg\" alt=\"\" width=\"628\" height=\"463\" \/><\/p>\n<p>&nbsp;<\/p>\n<h2>Il Giardino delle Gemme: un progetto di rigenerazione urbana<\/h2>\n<p>La <strong>rigenerazione urbana<\/strong> apportata dal Giardino delle Gemme coinvolge tutto il contesto circostante a quello del mini-quartiere, perch\u00e9 saranno eseguite opere di riqualificazione e miglioramento funzionale degli spazi pubblici di tutta l\u2019area circostante.<\/p>\n<p>Il <strong>verde<\/strong>, inoltre, sar\u00e0 parte integrante di ogni singola palazzina e non costituir\u00e0 un semplice abbellimento degli edifici. La <strong>luce<\/strong> sar\u00e0 un\u2019altra protagonista di questo gioiello green e costituir\u00e0 un elemento fondamentale per rendere il \u201cmicro cosmo\u201d del Giardino delle Gemme qualcosa di assolutamente unico. L\u2019<strong>incontro<\/strong> del tutto naturale <strong>tra il verde, l\u2019architettura, l\u2019equilibrio armonico delle forme<\/strong> \u00e8 stato studiato accuratamente perch\u00e9 la luce naturale del sole trovi la massima espressione non solo all\u2019esterno, ma anche negli spazi interni<\/p>\n<p>&nbsp;<\/p>\n<p><img loading=\"lazy\" decoding=\"async\" class=\"\" src=\"https:\/\/www.montanarigreen.it\/media\/2212\/foto5_r00.jpg\" alt=\"\" width=\"628\" height=\"442\" \/><\/p>\n<p>&nbsp;<\/p>\n<p>Il Giardino delle Gemme sar\u00e0 certificato <strong>Passive House<\/strong> e <strong>Active House<\/strong>, a <strong>consumo quasi zero<\/strong>, attestato Multi Comfort Saint Gobain e vuole essere un <strong>prototipo abitativo<\/strong> dove si uniscono alla rigenerazione urbana (quindi senza avere consumato suolo), la tecnologia e il verde portato nelle citt\u00e0.\u00a0 Le attuali direttive dell\u2019Unione Europea che prevedono \u201cZero emissioni\u201d entro il 2050 diventeranno presto vincolanti: anticipando questa nuova visione, gli edifici del Giardino delle Gemme sono gi\u00e0 adeguati al 2050 e attestati scientificamente dalle certificazioni a tutela di chi acquister\u00e0 le residenze.<\/p>\n<p>L\u2019<strong>energia autoprodotta <\/strong>\u00e8 una caratteristica fondamentale: per soddisfare questa caratteristica, sulla copertura degli edifici trovano spazio le tecnologie che ricavano energia dal sole, come i pannelli fotovoltaici e solari, dai quali ricavare energia elettrica e termica.<\/p>\n<p>Per avere maggiori informazioni sul Giardino delle Gemme e sul Sismabonus Acquisti: <a href=\"mailto:info@montanari-costruzioni.it\">info@montanari-costruzioni.it<\/a>.<\/p>\n","protected":false},"excerpt":{"rendered":"<p>A Fidenza, in provincia di Parma, sta nascendo un mini-quartiere green situato nel centro urbano della citt\u00e0. Composto da 3 palazzine, il Giardino delle Gemme \u00e8 un insieme di edifici NZEB progettato secondo le tecniche pi\u00f9 avanzate di edilizia residenziale. Il Giardino delle Gemme e il Sismabonus Acquisti Ricco di spazi e ambienti funzionali e [&hellip;]<\/p>\n","protected":false},"author":1959,"featured_media":0,"comment_status":"open","ping_status":"open","sticky":false,"template":"","format":"standard","meta":{"footnotes":""},"categories":[5],"tags":[28082,28999,28998,26755],"class_list":["post-56562","post","type-post","status-publish","format-standard","hentry","category-aziendali","tag-active-house","tag-edifici-a-energia-quasi-zero","tag-edifici-nzeb","tag-passive-house"],"_links":{"self":[{"href":"https:\/\/www.area-press.eu\/comunicatistampa\/wp-json\/wp\/v2\/posts\/56562","targetHints":{"allow":["GET"]}}],"collection":[{"href":"https:\/\/www.area-press.eu\/comunicatistampa\/wp-json\/wp\/v2\/posts"}],"about":[{"href":"https:\/\/www.area-press.eu\/comunicatistampa\/wp-json\/wp\/v2\/types\/post"}],"author":[{"embeddable":true,"href":"https:\/\/www.area-press.eu\/comunicatistampa\/wp-json\/wp\/v2\/users\/1959"}],"replies":[{"embeddable":true,"href":"https:\/\/www.area-press.eu\/comunicatistampa\/wp-json\/wp\/v2\/comments?post=56562"}],"version-history":[{"count":1,"href":"https:\/\/www.area-press.eu\/comunicatistampa\/wp-json\/wp\/v2\/posts\/56562\/revisions"}],"predecessor-version":[{"id":56563,"href":"https:\/\/www.area-press.eu\/comunicatistampa\/wp-json\/wp\/v2\/posts\/56562\/revisions\/56563"}],"wp:attachment":[{"href":"https:\/\/www.area-press.eu\/comunicatistampa\/wp-json\/wp\/v2\/media?parent=56562"}],"wp:term":[{"taxonomy":"category","embeddable":true,"href":"https:\/\/www.area-press.eu\/comunicatistampa\/wp-json\/wp\/v2\/categories?post=56562"},{"taxonomy":"post_tag","embeddable":true,"href":"https:\/\/www.area-press.eu\/comunicatistampa\/wp-json\/wp\/v2\/tags?post=56562"}],"curies":[{"name":"wp","href":"https:\/\/api.w.org\/{rel}","templated":true}]}}