{"id":56558,"date":"2021-02-14T09:47:01","date_gmt":"2021-02-14T08:47:01","guid":{"rendered":"https:\/\/www.area-press.eu\/comunicatistampa\/?p=56558"},"modified":"2021-02-14T09:47:01","modified_gmt":"2021-02-14T08:47:01","slug":"stefano-donnarumma-terna-favorire-la-formazione-delle-giovani-risorse-per-il-futuro","status":"publish","type":"post","link":"https:\/\/www.area-press.eu\/comunicatistampa\/2021\/02\/14\/stefano-donnarumma-terna-favorire-la-formazione-delle-giovani-risorse-per-il-futuro\/","title":{"rendered":"Stefano Donnarumma (Terna): \u201cFavorire la formazione delle giovani risorse per il futuro\u201d"},"content":{"rendered":"<p><em><strong>&quot;Il futuro dei ragazzi \u00e8 studiare con interesse particolarmente le materie che consentiranno loro di essere attori di questo futuro&quot;, ha dichiarato <a href=\"http:\/\/www.askanews.it\/video\/2020\/10\/14\/donnarumma-ad-terna-formiamo-i-giovani-alle-skill-del-futuro-20201014_video_10530774\/\" title=\"focus askanews Stefano Donnarumma al convegno Consorzio Elis\">Stefano Donnarumma<\/a>.<\/strong><\/em><\/p>\n<p><a href=\"http:\/\/www.askanews.it\/video\/2020\/10\/14\/donnarumma-ad-terna-formiamo-i-giovani-alle-skill-del-futuro-20201014_video_10530774\/\" title=\"Stefano Donnarumma: convegno Consorzio Elis\"><img decoding=\"async\" alt=\"Stefano Donnarumma\" src=\"https:\/\/www.terna.it\/DesktopModules\/AdactoBackend\/API\/download\/get?image=10134\" width=\"120\" \/><\/a><\/p>\n<h2>Scuola, impresa e lavoro: il commento di Stefano Donnarumma<\/h2>\n<p><em>&quot;Il nostro impegno \u00e8 favorire la formazione delle giovani risorse per il futuro&quot;<\/em>: sono le parole di <strong>Stefano Donnarumma<\/strong>, Amministratore Delegato e Direttore Generale di <strong>Terna<\/strong>, a commento dell&#8217;ultimo incontro tra le imprese del Consorzio Elis. Tenutosi lo scorso 13 ottobre a Villa Blanc, a Roma, il convegno ha visto la partecipazione di oltre cento CEO: i temi affrontati sono stati il rilancio del Paese e il ruolo fondamentale di scuola e aziende. L&#8217;obiettivo dei partecipanti \u00e8 stato quello di tracciare le linee guida per la trasformazione della societ\u00e0 e delle stesse imprese, partendo dalla rinascita della scuola. <em>&quot;Il futuro<\/em> &#8211; ha dichiarato l&#8217;AD e DG di Terna &#8211; <em>sicuramente \u00e8 molta tecnologia applicata alle infrastrutture, ai trasporti, all&#8217;energia in un progetto di sostenibilit\u00e0 ambientale che non potr\u00e0 che essere la base portante delle nostre iniziative&quot;<\/em>. Per questo oggi sono fondamentali azioni concrete per sostenere i cambiamenti in atto e permettere ai giovani di diventare attori per il futuro. Il Consorzio Elis, composto oltre che dalle aziende anche da universit\u00e0 e centri di ricerca, lavora proprio per aumentare la sinergia tra istituti scolastici e aziende: <em>&quot;Noi di Terna<\/em> &#8211; ha dichiarato <strong>Stefano Donnarumma<\/strong> &#8211; <em>possiamo dare un contributo soprattutto per la modernizzazione di alcuni aspetti e concetti che possono essere trasferiti con la scuola, alla scuola per gli studenti&quot;<\/em>.<\/p>\n<h2>Transizione energetica e tecnologie: il parere di Stefano Donnarumma<\/h2>\n<p><em>&quot;Queste sono imprese di infrastrutture che hanno piani decennali, ventennali<\/em> &#8211; ha commentato <strong><a href=\"http:\/\/www.askanews.it\/video\/2020\/10\/14\/donnarumma-ad-terna-formiamo-i-giovani-alle-skill-del-futuro-20201014_video_10530774\/\" title=\"Stefano Donnarumma, AD Terna, al convegno Consorzio Elis\">Stefano Donnarumma<\/a><\/strong> riferendosi alle aziende ospiti a Villa Blanc &#8211; <em>devono necessariamente pensare a quello che saranno i prossimi anni, alle necessit\u00e0 per sviluppare questo tipo di tecnologie e anche guidare la transizione energetica. Servono skill specifiche e noi cerchiamo di contribuire all&#8217;orientamento, allo studio e alla professione dei giovani&quot;<\/em>. Il CEO e DG di <strong>Terna<\/strong> evidenzia quelli che sono gli ambiti potenzialmente pi\u00f9 importanti per il futuro: sostenibilit\u00e0, innovazione tecnologica e completamento della transizione energetica. Tematiche che rappresentano anche l&#8217;essenza del Recovery Plan che il Governo italiano presenter\u00e0 alla Commissione Europea per ottenere le risorse per il rilancio post Covid: <em>&quot;Stiamo collaborando con le istituzioni proprio nella proposta di investimenti utili a questo scopo<\/em> &#8211; ha annunciato <strong>Stefano Donnarumma<\/strong> &#8211; <em>nel nostro caso, essendo aziende che fanno piani pluriennali, \u00e8 particolarmente pi\u00f9 semplice individuare progetti spendibili anche su questi tavoli&quot;<\/em>.<\/p>\n","protected":false},"excerpt":{"rendered":"<p>&quot;Il futuro dei ragazzi \u00e8 studiare con interesse particolarmente le materie che consentiranno loro di essere attori di questo futuro&quot;, ha dichiarato Stefano Donnarumma. Scuola, impresa e lavoro: il commento di Stefano Donnarumma &quot;Il nostro impegno \u00e8 favorire la formazione delle giovani risorse per il futuro&quot;: sono le parole di Stefano Donnarumma, Amministratore Delegato e [&hellip;]<\/p>\n","protected":false},"author":3860,"featured_media":0,"comment_status":"open","ping_status":"open","sticky":false,"template":"","format":"standard","meta":{"footnotes":""},"categories":[5],"tags":[27722,17416],"class_list":["post-56558","post","type-post","status-publish","format-standard","hentry","category-aziendali","tag-stefano-donnarumma","tag-terna"],"_links":{"self":[{"href":"https:\/\/www.area-press.eu\/comunicatistampa\/wp-json\/wp\/v2\/posts\/56558","targetHints":{"allow":["GET"]}}],"collection":[{"href":"https:\/\/www.area-press.eu\/comunicatistampa\/wp-json\/wp\/v2\/posts"}],"about":[{"href":"https:\/\/www.area-press.eu\/comunicatistampa\/wp-json\/wp\/v2\/types\/post"}],"author":[{"embeddable":true,"href":"https:\/\/www.area-press.eu\/comunicatistampa\/wp-json\/wp\/v2\/users\/3860"}],"replies":[{"embeddable":true,"href":"https:\/\/www.area-press.eu\/comunicatistampa\/wp-json\/wp\/v2\/comments?post=56558"}],"version-history":[{"count":1,"href":"https:\/\/www.area-press.eu\/comunicatistampa\/wp-json\/wp\/v2\/posts\/56558\/revisions"}],"predecessor-version":[{"id":56559,"href":"https:\/\/www.area-press.eu\/comunicatistampa\/wp-json\/wp\/v2\/posts\/56558\/revisions\/56559"}],"wp:attachment":[{"href":"https:\/\/www.area-press.eu\/comunicatistampa\/wp-json\/wp\/v2\/media?parent=56558"}],"wp:term":[{"taxonomy":"category","embeddable":true,"href":"https:\/\/www.area-press.eu\/comunicatistampa\/wp-json\/wp\/v2\/categories?post=56558"},{"taxonomy":"post_tag","embeddable":true,"href":"https:\/\/www.area-press.eu\/comunicatistampa\/wp-json\/wp\/v2\/tags?post=56558"}],"curies":[{"name":"wp","href":"https:\/\/api.w.org\/{rel}","templated":true}]}}