{"id":56549,"date":"2021-02-14T09:47:00","date_gmt":"2021-02-14T08:47:00","guid":{"rendered":"https:\/\/www.area-press.eu\/comunicatistampa\/?p=56549"},"modified":"2021-02-14T09:47:00","modified_gmt":"2021-02-14T08:47:00","slug":"eni-la-partecipazione-dellad-claudio-descalzi-agli-energy-talks-di-rcs-academy","status":"publish","type":"post","link":"https:\/\/www.area-press.eu\/comunicatistampa\/2021\/02\/14\/eni-la-partecipazione-dellad-claudio-descalzi-agli-energy-talks-di-rcs-academy\/","title":{"rendered":"Eni: la partecipazione dell\u2019AD Claudio Descalzi agli Energy Talks di RCS Academy"},"content":{"rendered":"<p><em><strong>La velocit\u00e0 del cambiamento green dipender\u00e0 in buona parte dalla capacit\u00e0 delle istituzioni, delle aziende e dei consumatori di lavorare insieme: le riflessioni dell&#8217;AD di Eni <a href=\"https:\/\/www.corriere.it\/economia\/consumi\/20_ottobre_21\/descalzi-pronti-transizione-abbiamo-investito-35-miliardi-2aa8fa6a-1386-11eb-8b5f-364ba608c2f1.shtml\" title=\"Claudio Descalzi ospite Energy Talk RCS Academy\">Claudio Descalzi<\/a>, intervistato in occasione dell&#8217;Energy Talks &quot;Energia e Imprese, Operazione Green Deal&quot; di RCS Academy.<\/strong><\/em><\/p>\n<p><a href=\"https:\/\/www.corriere.it\/economia\/consumi\/20_ottobre_21\/descalzi-pronti-transizione-abbiamo-investito-35-miliardi-2aa8fa6a-1386-11eb-8b5f-364ba608c2f1.shtml\" title=\"Claudio Descalzi, energy talk rcs academy\"><img decoding=\"async\" alt=\"Claudio Descalzi\" src=\"https:\/\/images2.corriereobjects.it\/methode_image\/2020\/10\/21\/Economia\/Foto%20Economia%20-%20Trattate\/315.0.879108517-kc0B-U3220257189027c7D-656x492@Corriere-Web-Sezioni.jpg?v=20201021122132\" width=\"120\" \/><\/a><\/p>\n<h2>Energy Talks, l&#8217;invito di Claudio Descalzi: collaborare per rendere la transizione energetica pi\u00f9 veloce ed equa<\/h2>\n<p>In Eni <em>&quot;siamo sempre in transizione&quot;<\/em> ma oggi sicuramente <em>&quot;\u00e8 tutto pi\u00f9 accelerato&quot;<\/em> e <em>&quot;irreversibile&quot;<\/em>: a sottolinearlo \u00e8 l&#8217;Amministratore Delegato <strong>Claudio Descalzi<\/strong>, intervenuto lo scorso 21 ottobre al forum &quot;Energia e Imprese, Operazione Green Deal&quot; nell&#8217;ambito degli Energy Talks di RCS Academy. <em>&quot;Da quando l&#8217;energia \u00e8 il motore della civilt\u00e0 siamo sempre stati in transizione. Oggi le nuove fonti di energia incalzano le vecchie: dobbiamo ridurre la componente carbonica mantenendo la sicurezza energetica&quot;<\/em>, ha spiegato l&#8217;AD parlando delle sfide che il mondo dell&#8217;energia \u00e8 chiamato ad affrontare nell&#8217;immediato futuro. Secondo <strong>Claudio Descalzi<\/strong> la capacit\u00e0 delle istituzioni, delle aziende e dei consumatori di lavorare insieme si riveler\u00e0 determinante nel velocizzare il cambiamento green: <em>&quot;Se il sistema viene lasciato a se stesso e al mercato vinceranno sempre le fonti di energia pi\u00f9 accessibili, meno costose e che comportano minori interventi sulle infrastrutture&quot;<\/em>. In quest&#8217;ottica <em>&quot;saranno cruciali gli incentivi&quot;<\/em>: oggi infatti le rinnovabili rappresentano solo il 2% nel settore energy, nonostante su questo fronte siano stati investiti 3,5 trilioni di dollari.<\/p>\n<h2>Eni, l&#8217;AD Claudio Descalzi: occorre un mix energetico sempre pi\u00f9 efficiente nel ridurre le emissioni<\/h2>\n<p><em>&quot;Ci troviamo in una emergenza ambientale&quot;<\/em>, ha evidenziato <strong><a href=\"https:\/\/www.corriere.it\/economia\/consumi\/20_ottobre_21\/descalzi-pronti-transizione-abbiamo-investito-35-miliardi-2aa8fa6a-1386-11eb-8b5f-364ba608c2f1.shtml\" title=\"l'intervento di Claudio Descalzi all'Energy Talk di RCS Academy\">Claudio Descalzi<\/a><\/strong> intervenendo agli Energy Talks di RCS Academy: occorre quindi <em>&quot;creare un processo di trasformazione pi\u00f9 veloce di quanto fatto in passato&quot;<\/em> e allo stesso tempo <em>&quot;pi\u00f9 equo&quot;<\/em> in modo da non lasciare fuori i Paesi sottosviluppati, perch\u00e9 <em>&quot;l&#8217;energia \u00e8 vitale come l&#8217;acqua&quot;<\/em>. Fondamentale \u00e8 <em>&quot;essere moderati&quot;<\/em> dal momento che <em>&quot;\u00e8 difficile abbandonare qualcosa che costa poco&quot;<\/em> e <em>&quot;pensare a un mix energetico che per gradi diventi sempre pi\u00f9 efficiente nel ridurre le emissioni<\/em>&quot;: in questa prospettiva \u00e8 pi\u00f9 appropriato lavorare su prodotti in grado di sfruttare le infrastrutture disponibili, come ha spiegato <strong>Claudio Descalzi<\/strong>. \u00c8 il caso, ad esempio, dei biocarburanti testati per i motori dei mezzi pesanti: <em>&quot;L&#8217;idea \u00e8 che funzionino sull&#8217;esistente in modo da non stravolgere i processi produttivi e le catene di montaggio&quot;<\/em>. L&#8217;AD ha invitato infine ad essere <em>&quot;pragmatici&quot;<\/em> e a scegliere <em>&quot;un mix energetico meno impattante&quot;<\/em>, puntando sulla condivisione e sulle tecnologie, oltre che sulla capacit\u00e0 e sulle competenze acquisite sinora.<\/p>\n","protected":false},"excerpt":{"rendered":"<p>La velocit\u00e0 del cambiamento green dipender\u00e0 in buona parte dalla capacit\u00e0 delle istituzioni, delle aziende e dei consumatori di lavorare insieme: le riflessioni dell&#8217;AD di Eni Claudio Descalzi, intervistato in occasione dell&#8217;Energy Talks &quot;Energia e Imprese, Operazione Green Deal&quot; di RCS Academy. Energy Talks, l&#8217;invito di Claudio Descalzi: collaborare per rendere la transizione energetica pi\u00f9 [&hellip;]<\/p>\n","protected":false},"author":3661,"featured_media":0,"comment_status":"open","ping_status":"open","sticky":false,"template":"","format":"standard","meta":{"footnotes":""},"categories":[5],"tags":[11757,11758],"class_list":["post-56549","post","type-post","status-publish","format-standard","hentry","category-aziendali","tag-claudio-descalzi","tag-eni"],"_links":{"self":[{"href":"https:\/\/www.area-press.eu\/comunicatistampa\/wp-json\/wp\/v2\/posts\/56549","targetHints":{"allow":["GET"]}}],"collection":[{"href":"https:\/\/www.area-press.eu\/comunicatistampa\/wp-json\/wp\/v2\/posts"}],"about":[{"href":"https:\/\/www.area-press.eu\/comunicatistampa\/wp-json\/wp\/v2\/types\/post"}],"author":[{"embeddable":true,"href":"https:\/\/www.area-press.eu\/comunicatistampa\/wp-json\/wp\/v2\/users\/3661"}],"replies":[{"embeddable":true,"href":"https:\/\/www.area-press.eu\/comunicatistampa\/wp-json\/wp\/v2\/comments?post=56549"}],"version-history":[{"count":1,"href":"https:\/\/www.area-press.eu\/comunicatistampa\/wp-json\/wp\/v2\/posts\/56549\/revisions"}],"predecessor-version":[{"id":56550,"href":"https:\/\/www.area-press.eu\/comunicatistampa\/wp-json\/wp\/v2\/posts\/56549\/revisions\/56550"}],"wp:attachment":[{"href":"https:\/\/www.area-press.eu\/comunicatistampa\/wp-json\/wp\/v2\/media?parent=56549"}],"wp:term":[{"taxonomy":"category","embeddable":true,"href":"https:\/\/www.area-press.eu\/comunicatistampa\/wp-json\/wp\/v2\/categories?post=56549"},{"taxonomy":"post_tag","embeddable":true,"href":"https:\/\/www.area-press.eu\/comunicatistampa\/wp-json\/wp\/v2\/tags?post=56549"}],"curies":[{"name":"wp","href":"https:\/\/api.w.org\/{rel}","templated":true}]}}