{"id":56454,"date":"2021-02-03T23:45:24","date_gmt":"2021-02-03T22:45:24","guid":{"rendered":"https:\/\/www.area-press.eu\/comunicatistampa\/?p=56454"},"modified":"2021-02-03T23:45:24","modified_gmt":"2021-02-03T22:45:24","slug":"mascherine-protettive-per-bambini","status":"publish","type":"post","link":"https:\/\/www.area-press.eu\/comunicatistampa\/2021\/02\/03\/mascherine-protettive-per-bambini\/","title":{"rendered":"Mascherine protettive per bambini"},"content":{"rendered":"<p><img loading=\"lazy\" decoding=\"async\" class=\"aligncenter\" src=\"https:\/\/cdn.shopify.com\/s\/files\/1\/0269\/8988\/7542\/products\/mascherine-5-strati-lavabili-colorate-per-bambini-ce-made-in-italy-mascherineit-dinosauri-631258_950x.jpg?v=1611161451\" alt=\"\" width=\"499\" height=\"499\" \/><\/p>\n<p>Le mascherine protettive sono un dispositivo che \u00e8 obbligatorio indossare per legge per gli adulti, mentre queste <strong>non sono obbligatorie per bambini<\/strong> al di sotto dei 6 anni. Ad ogni modo, convincere un bambino ad indossare la mascherina protettiva potrebbe essere alquanto complicato. Questo potrebbe in parte essere vero, ma come in ogni cosa \u00e8 sufficiente trovare il modo giusto per raggiungere il proprio obiettivo, e ci\u00f2 \u00e8 vero ancor pi\u00f9 quando si parla di bambini.<\/p>\n<p>Infatti, le mascherine protettive colorate per bambini disponibili sul sito<span style=\"text-decoration: underline\"> <a href=\"https:\/\/mascherine.it\/\">https:\/\/mascherine.it\/<\/a><\/span> sono particolarmente accattivanti agli occhi dei pi\u00f9 piccoli perch\u00e9 personalizzate con disegni che sono loro particolarmente noti come ad esempio <strong>dinosauri<\/strong>, aeroplani, coniglietti, galassie, <strong>macchinine<\/strong>, barchette, frutti e tanti colori.<\/p>\n<h2 style=\"text-align: center\">Una protezione pari a quella della FFP2<\/h2>\n<p>Si tratta di un dispositivo che ha una filtrazione batterica che pone queste mascherine <strong>pari alle FFP2<\/strong> offrendo al bambino tutta la protezione desiderata dai genitori quando il piccolo si trova a scuola o comunque a contatto con altri bambini. Queste comode mascherine sono lavabili e presentano degli elastici ed un comodo clip nasale che fa in modo che il dispositivo <strong>rimanga sempre ben aderente al volto<\/strong> cos\u00ec da garantire il massimo della sicurezza e proteggere le vie respiratorie del bambino.<\/p>\n<p>Si tratta di un&#8217;ottima soluzione perch\u00e9 consente di risolvere in maniera efficace il problema bel convincere il bambino ad <strong>indossare una maschera protettiva<\/strong>. Il piccolo sar\u00e0 invece contento di farlo perch\u00e9 potr\u00e0 mostrare a tutti i bellissimi disegni che sono impressi sulla maschera che indossa, offrendo al tempo stesso assoluta <strong>protezione dal Covid-19<\/strong> per qualsiasi altro tipo di virus presente nell&#8217;aria. Le mascherine in questione vengono confezionate singolarmente e ti arriveranno direttamente a casa entro un paio di giorni lavorativi con il corriere espresso DHL, dunque con spedizione tracciabile. La spedizione stessa pu\u00f2 essere gratuita nel caso in cui il totale della spesa sia pari o superiore a \u20ac49.<\/p>\n<p>&nbsp;<\/p>\n","protected":false},"excerpt":{"rendered":"<p>Le mascherine protettive sono un dispositivo che \u00e8 obbligatorio indossare per legge per gli adulti, mentre queste non sono obbligatorie per bambini al di sotto dei 6 anni. Ad ogni modo, convincere un bambino ad indossare la mascherina protettiva potrebbe essere alquanto complicato. Questo potrebbe in parte essere vero, ma come in ogni cosa \u00e8 [&hellip;]<\/p>\n","protected":false},"author":107,"featured_media":0,"comment_status":"open","ping_status":"open","sticky":false,"template":"","format":"standard","meta":{"footnotes":""},"categories":[5],"tags":[],"class_list":["post-56454","post","type-post","status-publish","format-standard","hentry","category-aziendali"],"_links":{"self":[{"href":"https:\/\/www.area-press.eu\/comunicatistampa\/wp-json\/wp\/v2\/posts\/56454","targetHints":{"allow":["GET"]}}],"collection":[{"href":"https:\/\/www.area-press.eu\/comunicatistampa\/wp-json\/wp\/v2\/posts"}],"about":[{"href":"https:\/\/www.area-press.eu\/comunicatistampa\/wp-json\/wp\/v2\/types\/post"}],"author":[{"embeddable":true,"href":"https:\/\/www.area-press.eu\/comunicatistampa\/wp-json\/wp\/v2\/users\/107"}],"replies":[{"embeddable":true,"href":"https:\/\/www.area-press.eu\/comunicatistampa\/wp-json\/wp\/v2\/comments?post=56454"}],"version-history":[{"count":2,"href":"https:\/\/www.area-press.eu\/comunicatistampa\/wp-json\/wp\/v2\/posts\/56454\/revisions"}],"predecessor-version":[{"id":56456,"href":"https:\/\/www.area-press.eu\/comunicatistampa\/wp-json\/wp\/v2\/posts\/56454\/revisions\/56456"}],"wp:attachment":[{"href":"https:\/\/www.area-press.eu\/comunicatistampa\/wp-json\/wp\/v2\/media?parent=56454"}],"wp:term":[{"taxonomy":"category","embeddable":true,"href":"https:\/\/www.area-press.eu\/comunicatistampa\/wp-json\/wp\/v2\/categories?post=56454"},{"taxonomy":"post_tag","embeddable":true,"href":"https:\/\/www.area-press.eu\/comunicatistampa\/wp-json\/wp\/v2\/tags?post=56454"}],"curies":[{"name":"wp","href":"https:\/\/api.w.org\/{rel}","templated":true}]}}