{"id":56450,"date":"2021-02-03T23:45:24","date_gmt":"2021-02-03T22:45:24","guid":{"rendered":"https:\/\/www.area-press.eu\/comunicatistampa\/?p=56450"},"modified":"2021-02-03T23:45:24","modified_gmt":"2021-02-03T22:45:24","slug":"transizione-energetica-francesco-starace-completa-in-tempi-piu-brevi-del-previsto","status":"publish","type":"post","link":"https:\/\/www.area-press.eu\/comunicatistampa\/2021\/02\/03\/transizione-energetica-francesco-starace-completa-in-tempi-piu-brevi-del-previsto\/","title":{"rendered":"Transizione energetica, Francesco Starace: \u201cCompleta in tempi pi\u00f9 brevi del previsto&#8221;"},"content":{"rendered":"<p><em><strong>Lo scenario finanziario attuale spinge sugli investimenti sostenibili: <a href=\"https:\/\/www.milanofinanza.it\/news\/starace-enel-decarbonizzazione-completa-prima-del-previsto-202009221342182376\" title=\"Francesco Starace, Enel, festival sviluppo sostenibilie 2020\">Francesco Starace<\/a> plaude alle politiche UE sulla decarbonizzazione e commenta il percorso di transizione di Enel.<\/strong> <\/em><\/p>\n<p><a href=\"https:\/\/www.milanofinanza.it\/news\/starace-enel-decarbonizzazione-completa-prima-del-previsto-202009221342182376\" title=\"Francesco Starace: festival sviluppo sostenibile 2020\"><img decoding=\"async\" alt=\"Francesco Starace, AD Enel\" src=\"https:\/\/www.milanofinanza.it\/remote\/static.milanofinanza.it\/content_upload\/img\/2020\/09\/202009221342182376\/starace4-731341.jpg?w=403&amp;h=211&amp;mode=crop&amp;format=jpg&amp;quality=65\" width=\"120\" \/><\/a><\/p>\n<h2>Ue e sostenibilit\u00e0, Francesco Starace: &quot;Accelerazione di un percorso gi\u00e0 tracciato&quot;<\/h2>\n<p>Lo scorso 22 settembre \u00e8 stata inaugurata la prima giornata del Festival dello Sviluppo Sostenibile: l&#8217;evento, organizzato dall&#8217;Alleanza Italiana per lo Sviluppo Sostenibile (ASviS) e giunto alla sua quarta edizione, nasce con lo scopo di sensibilizzare sul tema cittadini, imprese, associazioni e istituzioni. Francesco Starace , Amministratore Delegato e Direttore Generale di Enel, \u00e8 intervenuto come relatore al workshop &quot;Soluzioni per un&#8217;Europa resiliente e sostenibile&quot;. Il manager ha commentato il recente balzo in avanti che l&#8217;Unione Europea sta attuando sulla decarbonizzazione: <em>&quot;Questa Commissione ha deciso di spingere verso un&#8217;economia completamente decarbonizzata. L&#8217;Europa sta facendo molto bene ad accelerare in quella direzione&quot;<\/em>. Attualmente i mercati finanziari internazionali sono alla ricerca di investimenti nel campo della sostenibilit\u00e0: <em>&quot;L&#8217;Ue attrae oggi circa il 50% degli investimenti sostenibili in giro per il mondo: questo \u00e8 un vantaggio competitivo per il nostro sistema europeo<\/em> &#8211; ha osservato <strong>Francesco Starace<\/strong> &#8211; <em>quanto pi\u00f9 diventa coscienza comune e un dato di fatto della politica tanto pi\u00f9 viene a essere utilizzato&quot;<\/em>.<\/p>\n<h2>Decarbonizzazione, Francesco Starace: &quot;Enel ha gi\u00e0 superato punto di non ritorno&quot;<\/h2>\n<p>L&#8217;Unione Europea si trova dunque in una fase di forte accelerazione verso un&#8217;economia fondata su sostenibilit\u00e0 e decarbonizzazione. Una strategia testimoniata dal recente Next Generation Eu Fund, lo strumento da 750 miliardi per la ripresa post-Covid che mette al centro crescita sostenibile e resiliente. Secondo <strong><a href=\"https:\/\/www.milanofinanza.it\/news\/starace-enel-decarbonizzazione-completa-prima-del-previsto-202009221342182376\" title=\"Enel, Francesco Starace ospite festival sviluppo sostenibile 2020\">Francesco Starace<\/a><\/strong>, si tratta di un <em>&quot;percorso gi\u00e0 tracciato&quot;<\/em>. Oggi il Gruppo \u00e8 pi\u00f9 che mai pronto alla sfida della transizione energetica: <em>&quot;Enel pensa di riuscire a raggiungere la decarbonizzazione completa prima di quanto previsto&quot;<\/em>, ha dichiarato l&#8217;AD. Negli ultimi anni, la multinazionale ha puntato molto sullo sviluppo delle energie rinnovabili, tanto da aver gi\u00e0 <em>&quot;superato il punto di non ritorno&quot;<\/em> sul processo di decarbonizzazione. Un percorso lungo e complesso, tanto che il Piano Industriale 2021-2023 del Gruppo potrebbe contenere linee guida a 10 anni: <em>&quot;Pensiamo di compiere questa nostra traiettoria a una decarbonizzazione completa in tempi pi\u00f9 brevi di quanto prima sembrasse possibile<\/em> &#8211; ha dichiarato <strong>Francesco Starace<\/strong> &#8211; <em>abbiamo gettato il cuore oltre l&#8217;ostacolo e oggi sappiamo che avevamo ragione&quot;<\/em>.<\/p>\n","protected":false},"excerpt":{"rendered":"<p>Lo scenario finanziario attuale spinge sugli investimenti sostenibili: Francesco Starace plaude alle politiche UE sulla decarbonizzazione e commenta il percorso di transizione di Enel. Ue e sostenibilit\u00e0, Francesco Starace: &quot;Accelerazione di un percorso gi\u00e0 tracciato&quot; Lo scorso 22 settembre \u00e8 stata inaugurata la prima giornata del Festival dello Sviluppo Sostenibile: l&#8217;evento, organizzato dall&#8217;Alleanza Italiana per [&hellip;]<\/p>\n","protected":false},"author":3920,"featured_media":0,"comment_status":"open","ping_status":"open","sticky":false,"template":"","format":"standard","meta":{"footnotes":""},"categories":[5],"tags":[12227,10926],"class_list":["post-56450","post","type-post","status-publish","format-standard","hentry","category-aziendali","tag-enel","tag-francesco-starace"],"_links":{"self":[{"href":"https:\/\/www.area-press.eu\/comunicatistampa\/wp-json\/wp\/v2\/posts\/56450","targetHints":{"allow":["GET"]}}],"collection":[{"href":"https:\/\/www.area-press.eu\/comunicatistampa\/wp-json\/wp\/v2\/posts"}],"about":[{"href":"https:\/\/www.area-press.eu\/comunicatistampa\/wp-json\/wp\/v2\/types\/post"}],"author":[{"embeddable":true,"href":"https:\/\/www.area-press.eu\/comunicatistampa\/wp-json\/wp\/v2\/users\/3920"}],"replies":[{"embeddable":true,"href":"https:\/\/www.area-press.eu\/comunicatistampa\/wp-json\/wp\/v2\/comments?post=56450"}],"version-history":[{"count":2,"href":"https:\/\/www.area-press.eu\/comunicatistampa\/wp-json\/wp\/v2\/posts\/56450\/revisions"}],"predecessor-version":[{"id":56453,"href":"https:\/\/www.area-press.eu\/comunicatistampa\/wp-json\/wp\/v2\/posts\/56450\/revisions\/56453"}],"wp:attachment":[{"href":"https:\/\/www.area-press.eu\/comunicatistampa\/wp-json\/wp\/v2\/media?parent=56450"}],"wp:term":[{"taxonomy":"category","embeddable":true,"href":"https:\/\/www.area-press.eu\/comunicatistampa\/wp-json\/wp\/v2\/categories?post=56450"},{"taxonomy":"post_tag","embeddable":true,"href":"https:\/\/www.area-press.eu\/comunicatistampa\/wp-json\/wp\/v2\/tags?post=56450"}],"curies":[{"name":"wp","href":"https:\/\/api.w.org\/{rel}","templated":true}]}}