{"id":56271,"date":"2021-01-27T18:33:51","date_gmt":"2021-01-27T17:33:51","guid":{"rendered":"https:\/\/www.area-press.eu\/comunicatistampa\/?p=56271"},"modified":"2021-01-27T18:33:51","modified_gmt":"2021-01-27T17:33:51","slug":"piu-tutela-per-famiglie-e-minori-lappello-dellassociazione-nazionale-familiaristi-italiani","status":"publish","type":"post","link":"https:\/\/www.area-press.eu\/comunicatistampa\/2021\/01\/27\/piu-tutela-per-famiglie-e-minori-lappello-dellassociazione-nazionale-familiaristi-italiani\/","title":{"rendered":"Pi\u00f9 tutela per famiglie e minori, l\u2019appello dell\u2019Associazione Nazionale Familiaristi Italiani"},"content":{"rendered":"<p>La tutela dei diritti della famiglia e dei minori sul territorio. E\u2019 questa la principale finalit\u00e0 dell\u2019Associazione Nazionale Familiaristi Italiani, costituitasi a Roma come associazione di promozione sociale e senza fini di lucro, grazie alla volont\u00e0 e l\u2019impegno di Avvocati, Psicologi e Mediatori familiari.<\/p>\n<p>Numerose sono le attivit\u00e0 di cui l\u2019Associazione si occupa: dalla consulenza alla assistenza, legale, psicologica, di mediazione, sino alla funzione divulgativa, attraverso pubblicazioni, scritti, seminari, convegni formativi ed aggiornativi sul tema della famiglia e su quanto, in termini problematici, si collega ad essa.<\/p>\n<p>\u201c<em>La presenza di Avvocati e Consulenti familiaristi, ha l\u2019obiettivo di creare, sul territorio nazionale, un collegamento e un reciproco scambio di competenze professionali fra tutti i soggetti che, a vario titolo, si occupano della famiglia e dei minori. Inoltre \u00e8 previsto uno Sportello Consulenza per tutti coloro i quali desiderino raccontare le proprie storie, approfondire, studiare, proporre ricerche e materiale sul tema dell\u2019alienazione genitoriale. Infine, la presenza di un Centro Studi attraverso il quale tutti i professionisti che si occupano, a vario titolo di famiglia e minori, possono analizzare tutti i fenomeni che riguardano il panorama familiare e minorile<\/em>\u201d, spiega l\u2019Avvocato Carlo Ioppoli, Presidente dell\u2019Associazione.<\/p>\n<p>Uno sguardo particolare viene rivolto ai minori, che soprattutto in seguito allo scoppio dell\u2019emergenza sanitaria, si sono trasformate in vittime invisibili. Un tema prioritario inerisce proprio alla possibilit\u00e0 di riportare i minori al centro dei programmi delle Istituzioni, scolastiche e non.<\/p>\n<p>L\u2019ascolto del minore presuppone per\u00f2 la presenza attiva, la vicinanza fisica ed emotiva con un adulto esperto che in questo caso \u00e8 rappresentato da Avvocati e Consulenti familiaristi a cui \u00e8 delegato anche il compito di interagire e ascoltare.<\/p>\n<p>Una intuizione quella dell\u2019Avvocato Carlo Ioppoli che potrebbe scardinare determinati meccanismi che ingessano il diritto di famiglia mettendo alla luce l\u2019aspetto empatico e umano della professione forense.<\/p>\n","protected":false},"excerpt":{"rendered":"<p>La tutela dei diritti della famiglia e dei minori sul territorio. E\u2019 questa la principale finalit\u00e0 dell\u2019Associazione Nazionale Familiaristi Italiani, costituitasi a Roma come associazione di promozione sociale e senza fini di lucro, grazie alla volont\u00e0 e l\u2019impegno di Avvocati, Psicologi e Mediatori familiari. Numerose sono le attivit\u00e0 di cui l\u2019Associazione si occupa: dalla consulenza [&hellip;]<\/p>\n","protected":false},"author":6742,"featured_media":0,"comment_status":"open","ping_status":"open","sticky":false,"template":"","format":"standard","meta":{"footnotes":""},"categories":[4,29],"tags":[28949,28950],"class_list":["post-56271","post","type-post","status-publish","format-standard","hentry","category-attualita-e-societa","category-comunicati","tag-associazione-nazionale-familiaristi-italiani","tag-carlo-ioppoli"],"_links":{"self":[{"href":"https:\/\/www.area-press.eu\/comunicatistampa\/wp-json\/wp\/v2\/posts\/56271","targetHints":{"allow":["GET"]}}],"collection":[{"href":"https:\/\/www.area-press.eu\/comunicatistampa\/wp-json\/wp\/v2\/posts"}],"about":[{"href":"https:\/\/www.area-press.eu\/comunicatistampa\/wp-json\/wp\/v2\/types\/post"}],"author":[{"embeddable":true,"href":"https:\/\/www.area-press.eu\/comunicatistampa\/wp-json\/wp\/v2\/users\/6742"}],"replies":[{"embeddable":true,"href":"https:\/\/www.area-press.eu\/comunicatistampa\/wp-json\/wp\/v2\/comments?post=56271"}],"version-history":[{"count":2,"href":"https:\/\/www.area-press.eu\/comunicatistampa\/wp-json\/wp\/v2\/posts\/56271\/revisions"}],"predecessor-version":[{"id":56273,"href":"https:\/\/www.area-press.eu\/comunicatistampa\/wp-json\/wp\/v2\/posts\/56271\/revisions\/56273"}],"wp:attachment":[{"href":"https:\/\/www.area-press.eu\/comunicatistampa\/wp-json\/wp\/v2\/media?parent=56271"}],"wp:term":[{"taxonomy":"category","embeddable":true,"href":"https:\/\/www.area-press.eu\/comunicatistampa\/wp-json\/wp\/v2\/categories?post=56271"},{"taxonomy":"post_tag","embeddable":true,"href":"https:\/\/www.area-press.eu\/comunicatistampa\/wp-json\/wp\/v2\/tags?post=56271"}],"curies":[{"name":"wp","href":"https:\/\/api.w.org\/{rel}","templated":true}]}}