{"id":56243,"date":"2021-01-27T18:33:48","date_gmt":"2021-01-27T17:33:48","guid":{"rendered":"https:\/\/www.area-press.eu\/comunicatistampa\/?p=56243"},"modified":"2021-01-27T18:33:48","modified_gmt":"2021-01-27T17:33:48","slug":"gianni-lettieri-atitech-necessario-impegnarsi-per-la-ripresa-di-napoli","status":"publish","type":"post","link":"https:\/\/www.area-press.eu\/comunicatistampa\/2021\/01\/27\/gianni-lettieri-atitech-necessario-impegnarsi-per-la-ripresa-di-napoli\/","title":{"rendered":"Gianni Lettieri (Atitech): necessario impegnarsi per la ripresa di Napoli"},"content":{"rendered":"<p><em><strong>&#8220;Avevo un progetto ben chiaro per Napoli, abbiamo buttato 10 anni&#8221;: cos\u00ec <a title=\"Gianni Lettieri: biografia imprenditore scugnizzo\" href=\"https:\/\/www.imprenditorescugnizzo.it\/lautore\/\">Gianni Lettieri<\/a>, Presidente di Atitech, in una recente intervista rilasciata a Radio Crc Targato Italia.<\/strong><\/em><\/p>\n<h2><a title=\"Gianni Lettieri, imprenditore scugnizzo\" href=\"https:\/\/www.imprenditorescugnizzo.it\/lautore\/\"><img loading=\"lazy\" decoding=\"async\" src=\"https:\/\/www.imprenditorescugnizzo.it\/wp-content\/uploads\/2020\/11\/Gianni-Lettieri-2-200x300.jpg\" alt=\"Gianni Lettieri\" width=\"200\" height=\"300\" \/><\/a><br \/>\nL&#8217;intervista a Gianni Lettieri: fondamentale far ripartire Napoli<\/h2>\n<p>Se da un lato la crisi economica del 2020 ha colpito indistintamente ampie fasce della popolazione italiana, dall&#8217;altro \u00e8 nelle situazioni gi\u00e0 disagiate che le difficolt\u00e0 si sono fatte sentire ancora con pi\u00f9 forza, questo il messaggio lanciato dai microfoni di Radio Crc del Presidente di Atitech <strong>Gianni Lettieri<\/strong>, imprenditore e gi\u00e0 presidente dell&#8217;Unione degli Industriali di Napoli. Nel corso dell&#8217;intervista Lettieri fa un&#8217;analisi della condizione di vita dei napoletani e dello stato in cui versa la citt\u00e0, che definisce &#8220;spaventoso&#8221;: <em>&#8220;La citt\u00e0 vive una tragedia. La situazione \u00e8 spaventosa, c&#8217;\u00e8 gente ridotta in povert\u00e0 costretta a dormire in auto&#8221;<\/em>. Una situazione di difficolt\u00e0 esistente da qualche anno ma che la crisi provocata dal Covid-19 ha fatto emergere in modo ancora pi\u00f9 marcato: <em>&#8220;A Napoli c&#8217;\u00e8 molta economia sommersa, tante persone vivono di espedienti&#8221;<\/em>, prosegue <strong>Gianni Lettieri<\/strong>, <em>&#8220;\u00e8 scioccante che alla mensa dei poveri si trovino non solo famiglie disagiate ma anche nuclei familiari che prima conducevano una vita agiata&#8221;<\/em>. La necessit\u00e0 \u00e8 dunque quella di lavorare per far ripartire al pi\u00f9 presto la citt\u00e0, per tentare di alleviare per lo meno le condizioni pi\u00f9 critiche vissute da diverse famiglie.<\/p>\n<h2>Gianni Lettieri: l&#8217;iniziativa solidale di Atitech<\/h2>\n<p><em>&#8220;Avevo un progetto ben chiaro per Napoli, che andava al di l\u00e0 dell&#8217;appartenenza ad un partito&#8221;<\/em>, prosegue <strong><a title=\"Gianni Lettieri, sito ufficiale libro imprenditore scugnizzo\" href=\"https:\/\/www.imprenditorescugnizzo.it\/lautore\/\">Gianni Lettieri<\/a><\/strong> nell&#8217;intervista, <em>&#8220;chiesi una legge speciale per la citt\u00e0, che aiutasse Napoli a risollevarsi, con dignit\u00e0 e amor proprio. Con rammarico, tristezza e un po&#8217; di rabbia devo constatare che abbiamo buttato 10 anni&#8221;<\/em>. Da napoletano ritengo che sia <em>&#8220;bello vedere persone di un certo spessore che vogliono impegnarsi per la ripresa di questa citt\u00e0, ormai caduta in tragedia&#8221;<\/em>. E aggiunge: <em>&#8220;Sono tutt&#8217;ora disponibile per chi vorr\u00e0 realmente lavorare per Napoli ma oggi personalmente mi dedico alla mia azienda&#8221;<\/em>. Quella realt\u00e0 industriale, Atitech, che l&#8217;imprenditore guida come Presidente dal 2009 e che da allora ha condotto verso una posizione da protagonista nel comparto aereonautico internazionale. Un traguardo raggiunto senza dimenticare le proprie origini n\u00e9 l&#8217;attaccamento alla citt\u00e0: <em>&#8220;avendo nella nostra struttura di Atitech una mensa, che attualmente non \u00e8 attiva, ho voluto fortemente rimetterla in funzione per dare una mano a chi si trova in difficolt\u00e0. Ci siamo fatti aiutare dai cuochi di Fratelli La Bufala e dall&#8217;associazione di volontariato Larsec&#8221;<\/em>. L&#8217;iniziativa permette di donare 150 pasti caldi al giorno con men\u00f9 vario a 50 famiglie dell&#8217;area di Secondigliano, di San Pietro a Patierno e del Rione Sanit\u00e0: <em>&#8220;L&#8217;iniziativa, realizzata per donare un po&#8217; di serenit\u00e0 a chi purtroppo non la ha, andr\u00e0 avanti almeno fino al 6 gennaio&#8221;<\/em>, conclude <strong>Gianni Lettieri<\/strong>, <em>&#8220;poi vedremo cosa altro poter fare, non intendiamo fermarci&#8221;<\/em>.<\/p>\n","protected":false},"excerpt":{"rendered":"<p>&#8220;Avevo un progetto ben chiaro per Napoli, abbiamo buttato 10 anni&#8221;: cos\u00ec Gianni Lettieri, Presidente di Atitech, in una recente intervista rilasciata a Radio Crc Targato Italia. L&#8217;intervista a Gianni Lettieri: fondamentale far ripartire Napoli Se da un lato la crisi economica del 2020 ha colpito indistintamente ampie fasce della popolazione italiana, dall&#8217;altro \u00e8 nelle [&hellip;]<\/p>\n","protected":false},"author":6664,"featured_media":0,"comment_status":"open","ping_status":"open","sticky":false,"template":"","format":"standard","meta":{"footnotes":""},"categories":[29],"tags":[28443,28943],"class_list":["post-56243","post","type-post","status-publish","format-standard","hentry","category-comunicati","tag-gianni-lettieri","tag-imprenditore-scugnizzo"],"_links":{"self":[{"href":"https:\/\/www.area-press.eu\/comunicatistampa\/wp-json\/wp\/v2\/posts\/56243","targetHints":{"allow":["GET"]}}],"collection":[{"href":"https:\/\/www.area-press.eu\/comunicatistampa\/wp-json\/wp\/v2\/posts"}],"about":[{"href":"https:\/\/www.area-press.eu\/comunicatistampa\/wp-json\/wp\/v2\/types\/post"}],"author":[{"embeddable":true,"href":"https:\/\/www.area-press.eu\/comunicatistampa\/wp-json\/wp\/v2\/users\/6664"}],"replies":[{"embeddable":true,"href":"https:\/\/www.area-press.eu\/comunicatistampa\/wp-json\/wp\/v2\/comments?post=56243"}],"version-history":[{"count":1,"href":"https:\/\/www.area-press.eu\/comunicatistampa\/wp-json\/wp\/v2\/posts\/56243\/revisions"}],"predecessor-version":[{"id":56244,"href":"https:\/\/www.area-press.eu\/comunicatistampa\/wp-json\/wp\/v2\/posts\/56243\/revisions\/56244"}],"wp:attachment":[{"href":"https:\/\/www.area-press.eu\/comunicatistampa\/wp-json\/wp\/v2\/media?parent=56243"}],"wp:term":[{"taxonomy":"category","embeddable":true,"href":"https:\/\/www.area-press.eu\/comunicatistampa\/wp-json\/wp\/v2\/categories?post=56243"},{"taxonomy":"post_tag","embeddable":true,"href":"https:\/\/www.area-press.eu\/comunicatistampa\/wp-json\/wp\/v2\/tags?post=56243"}],"curies":[{"name":"wp","href":"https:\/\/api.w.org\/{rel}","templated":true}]}}