{"id":56223,"date":"2021-01-27T18:33:44","date_gmt":"2021-01-27T17:33:44","guid":{"rendered":"https:\/\/www.area-press.eu\/comunicatistampa\/?p=56223"},"modified":"2021-01-27T18:33:44","modified_gmt":"2021-01-27T17:33:44","slug":"francesco-starace-le-considerazioni-dellad-di-enel-sul-think-tank-magazine-riparte-litalia","status":"publish","type":"post","link":"https:\/\/www.area-press.eu\/comunicatistampa\/2021\/01\/27\/francesco-starace-le-considerazioni-dellad-di-enel-sul-think-tank-magazine-riparte-litalia\/","title":{"rendered":"Francesco Starace: le considerazioni dell\u2019AD di Enel sul think tank magazine \u201cRiparte l\u2019Italia\u201d"},"content":{"rendered":"<p><em><strong>Il futuro del Paese tra emergenza Coronavirus e ripresa economica, il valore della sostenibilit\u00e0, l&#8217;impegno di Enel sul fronte della decarbonizzazione e dell&#8217;economia circolare: <a href=\"https:\/\/www.ripartelitalia.it\/intervista-esclusiva-francesco-starace-ad-enel-siamo-il-primo-operatore-privato-a-livello-mondiale-di-energia-prodotta-da-acqua-sole-vento-e-calore-naturale-della-terra-la-nostra-prima-sc\/\" title=\"Francesco Starace, intervista osservatorio riparte l'italia\">l&#8217;intervista dell&#8217;Osservatorio &quot;Riparte l&#8217;Italia&quot;<\/a> all&#8217;AD e DG Francesco Starace.<\/strong><\/em><\/p>\n<p><a href=\"https:\/\/www.ripartelitalia.it\/intervista-esclusiva-francesco-starace-ad-enel-siamo-il-primo-operatore-privato-a-livello-mondiale-di-energia-prodotta-da-acqua-sole-vento-e-calore-naturale-della-terra-la-nostra-prima-sc\/\" title=\"Francesco Starace: riparte l'italia, intervista esclusiva\"><img decoding=\"async\" alt=\"Francesco Starace, AD Enel\" src=\"https:\/\/www.ripartelitalia.it\/wp-content\/uploads\/2020\/09\/Starace-300x300.jpg\" width=\"100\" \/><\/a><\/p>\n<h2>Enel proietta il Paese in un futuro sempre pi\u00f9 sostenibile: l&#8217;intervista all&#8217;AD e DG Francesco Starace<\/h2>\n<p>La prima scommessa \u00e8 stata vinta: <em>&quot;Oggi le rinnovabili sono pi\u00f9 competitive delle altre fonti e rappresentano il futuro dell&#8217;energia&quot;<\/em>. Ma per Enel questo \u00e8 solo l&#8217;inizio, come ha spiegato l&#8217;Amministratore Delegato e Direttore Generale <strong>Francesco Starace<\/strong> nell&#8217;intervista rilasciata al think magazine dell&#8217;Osservatorio &quot;Riparte l&#8217;Italia&quot;: <em>&quot;Enel \u00e8 stata tra i primi a credere in queste tecnologie, ormai dieci anni fa, in un momento in cui gli scettici erano ancora la maggioranza, ed \u00e8 oggi il primo operatore privato a livello mondiale di energia prodotta da acqua, sole, vento e calore naturale della terra. Oggi sono rimasti in pochi a dubitare del ruolo di queste tecnologie per il futuro. La prossima sfida \u00e8 completare la sostituzione graduale delle fonti fossili con le rinnovabili&quot;<\/em>. L&#8217;AD ha illustrato <em>&quot;gli obiettivi sfidanti&quot;<\/em> che il Gruppo si \u00e8 dato in tale ottica: tra questi <em>&quot;la chiusura e riconversione delle centrali a carbone oggi attive in Italia entro il 2025 e nel mondo entro il 2030, ridurre del 70% le emissioni dirette di gas a effetto serra per kWh entro il 2030, rispetto ai valori del 2017, e raggiungere la piena decarbonizzazione entro il 2050, grazie ad uno sviluppo sempre maggiore delle fonti rinnovabili, un ulteriore impegno per la digitalizzazione e per la ricerca di soluzioni innovative per l&#8217;elettrificazione consumi finali&quot;<\/em>. E sul raggiungimento della neutralit\u00e0 carbonica entro il 2050 <em>&quot;siamo sulla buona strada: a livello globale sia la capacit\u00e0 installata che la produzione di energia da fonti rinnovabili del Gruppo hanno superato quelle da fonti termoelettriche&quot;<\/em>. Nell&#8217;intervista, <strong>Francesco Starace<\/strong> ha parlato anche delle dieci proposte di Enel per il Recovery Fund: <em>&quot;I cluster di azioni &quot;verdi&quot; individuati seguono tre linee guida: decarbonizzazione e crescita delle rinnovabili, sviluppo di reti sempre pi\u00f9 intelligenti e resilienti e elettrificazione dei consumi finali. Le nostre proposte riguardano investimenti che accelerino l&#8217;uso delle rinnovabili, rafforzino le reti di distribuzione resilienti e digitali, promuovano le citt\u00e0 sostenibili, la mobilit\u00e0 elettrica e l&#8217;efficienza energetica: una serie di azioni in grado di favorire la ripresa e di generare nuove opportunit\u00e0 per il Paese&quot;<\/em>.<\/p>\n<h2>Francesco Starace a &quot;Riparte l&#8217;Italia&quot;: economia circolare, rinnovabili e tecnologie green per vincere la sfida della ripartenza<\/h2>\n<p><em>&quot;Negli ultimi anni l&#8217;esperienza di Enel ha dimostrato come l&#8217;adozione di una strategia e di un modello di business sostenibili non sia soltanto un bene per l&#8217;ambiente, ma anche per la creazione di valore di lungo periodo&quot;<\/em>, ha ricordato <strong><a href=\"https:\/\/www.ripartelitalia.it\/intervista-esclusiva-francesco-starace-ad-enel-siamo-il-primo-operatore-privato-a-livello-mondiale-di-energia-prodotta-da-acqua-sole-vento-e-calore-naturale-della-terra-la-nostra-prima-sc\/\" title=\"Enel, Francesco Starace intervista &quot;Riparte l'Italia&quot;\">Francesco Starace<\/a><\/strong> nell&#8217;intervista rilasciata all&#8217;Osservatorio &quot;Riparte l&#8217;Italia&quot;, evidenziando quindi come non ci possa essere contrapposizione tra ripresa economica e sostenibilit\u00e0 <em>&quot;ma al contrario, l&#8217;emergenza sanitaria ha reso ancora pi\u00f9 evidente come l&#8217;adozione di strategie e modelli di business sostenibili renda le aziende pi\u00f9 competitive proprio perch\u00e9 meno esposte a rischi, garantendo una maggiore solidit\u00e0 nel lungo termine&quot;<\/em>. E in merito alla ripresa, l&#8217;AD ha parlato dei punti di forza dell&#8217;Italia rilevando come il nostro Paese abbia <em>&quot;una vocazione naturale per la sostenibilit\u00e0 e oggi la sfida per la ripartenza non pu\u00f2 che mettere al centro soluzioni che vadano in questa direzione, improntate su economia circolare, rinnovabili e tecnologia&quot;<\/em>. In questa prospettiva \u00e8 necessario <em>&quot;lavorare su iter approvativi pi\u00f9 rapidi per evitare, ad esempio, che siano necessari anni per realizzare nuovi impianti da fonti rinnovabili o che la transizione energetica abbia tempi pi\u00f9 lunghi di quelli che la tecnologia permetterebbe&quot;<\/em>. Rivolgendosi poi ai giovani, <strong>Francesco Starace<\/strong> ne ha richiamato il valore facendo notare come abbiano <em>&quot;una visione del mondo e di come vorrebbero che fosse gestito molto chiara&quot;<\/em>, ben evidente gi\u00e0 prima che scoppiasse la pandemia: <em>&quot;Cambiamento climatico, effetti delle attivit\u00e0 umane sull&#8217;ambiente, importanza di agire prima che sia troppo tardi. Abbiamo l&#8217;opportunit\u00e0 di dare risposte a queste richieste e penso ci sia finalmente una condivisione di obiettivi e risposte a queste legittime richieste&quot;<\/em>.<\/p>\n","protected":false},"excerpt":{"rendered":"<p>Il futuro del Paese tra emergenza Coronavirus e ripresa economica, il valore della sostenibilit\u00e0, l&#8217;impegno di Enel sul fronte della decarbonizzazione e dell&#8217;economia circolare: l&#8217;intervista dell&#8217;Osservatorio &quot;Riparte l&#8217;Italia&quot; all&#8217;AD e DG Francesco Starace. Enel proietta il Paese in un futuro sempre pi\u00f9 sostenibile: l&#8217;intervista all&#8217;AD e DG Francesco Starace La prima scommessa \u00e8 stata vinta: [&hellip;]<\/p>\n","protected":false},"author":3920,"featured_media":0,"comment_status":"open","ping_status":"open","sticky":false,"template":"","format":"standard","meta":{"footnotes":""},"categories":[5],"tags":[12227,10926],"class_list":["post-56223","post","type-post","status-publish","format-standard","hentry","category-aziendali","tag-enel","tag-francesco-starace"],"_links":{"self":[{"href":"https:\/\/www.area-press.eu\/comunicatistampa\/wp-json\/wp\/v2\/posts\/56223","targetHints":{"allow":["GET"]}}],"collection":[{"href":"https:\/\/www.area-press.eu\/comunicatistampa\/wp-json\/wp\/v2\/posts"}],"about":[{"href":"https:\/\/www.area-press.eu\/comunicatistampa\/wp-json\/wp\/v2\/types\/post"}],"author":[{"embeddable":true,"href":"https:\/\/www.area-press.eu\/comunicatistampa\/wp-json\/wp\/v2\/users\/3920"}],"replies":[{"embeddable":true,"href":"https:\/\/www.area-press.eu\/comunicatistampa\/wp-json\/wp\/v2\/comments?post=56223"}],"version-history":[{"count":2,"href":"https:\/\/www.area-press.eu\/comunicatistampa\/wp-json\/wp\/v2\/posts\/56223\/revisions"}],"predecessor-version":[{"id":56231,"href":"https:\/\/www.area-press.eu\/comunicatistampa\/wp-json\/wp\/v2\/posts\/56223\/revisions\/56231"}],"wp:attachment":[{"href":"https:\/\/www.area-press.eu\/comunicatistampa\/wp-json\/wp\/v2\/media?parent=56223"}],"wp:term":[{"taxonomy":"category","embeddable":true,"href":"https:\/\/www.area-press.eu\/comunicatistampa\/wp-json\/wp\/v2\/categories?post=56223"},{"taxonomy":"post_tag","embeddable":true,"href":"https:\/\/www.area-press.eu\/comunicatistampa\/wp-json\/wp\/v2\/tags?post=56223"}],"curies":[{"name":"wp","href":"https:\/\/api.w.org\/{rel}","templated":true}]}}