{"id":56214,"date":"2021-01-27T18:33:44","date_gmt":"2021-01-27T17:33:44","guid":{"rendered":"https:\/\/www.area-press.eu\/comunicatistampa\/?p=56214"},"modified":"2021-01-27T18:33:44","modified_gmt":"2021-01-27T17:33:44","slug":"il-cambiamento-radicale-e-irreversibile-di-eni-il-focus-dellad-claudio-descalzi","status":"publish","type":"post","link":"https:\/\/www.area-press.eu\/comunicatistampa\/2021\/01\/27\/il-cambiamento-radicale-e-irreversibile-di-eni-il-focus-dellad-claudio-descalzi\/","title":{"rendered":"Il cambiamento \u201cradicale e irreversibile\u201d di Eni: il focus dell\u2019AD Claudio Descalzi"},"content":{"rendered":"<p><em><strong>Il Libro dei Fatti 2020 di &quot;Adnkronos&quot; si avvale del contributo di <a href=\"https:\/\/www.adnkronos.com\/soldi\/economia\/2020\/10\/05\/eni-descalzi-cambia-volto-entro-anni-leader-produzione-prodotti-decarbonizzati_DcJS50Ogqxef24jQFix9dO.html\" title=\"Claudio Descalzi: libro dei fatti 2020 Adnkronos\">Claudio Descalzi<\/a>: &quot;Eni sta cambiando volto, in modo radicale e irreversibile. A febbraio abbiamo presentato un Piano di decarbonizzazione delle attivit\u00e0 che porter\u00e0 l&#8217;azienda da qui a 30 anni a essere leader nella produzione e vendita di prodotti decarbonizzati, e del quale i princ\u00ecpi dell&#8217;economia circolare saranno tra i pilastri strategici&quot;.<\/strong><\/em><\/p>\n<p><a href=\"https:\/\/www.adnkronos.com\/soldi\/economia\/2020\/10\/05\/eni-descalzi-cambia-volto-entro-anni-leader-produzione-prodotti-decarbonizzati_DcJS50Ogqxef24jQFix9dO.html\" title=\"Claudio Descalzi, libro dei fatti 2020 Adnkronos\"><img loading=\"lazy\" decoding=\"async\" alt=\"Claudio Descalzi\" height=\"80\" src=\"https:\/\/www.topmanagers.it\/SharingFolder\/TopManager\/it\/ManagerProfilePhoto\/Photo\/claudiodescalzi-topmanager.jpg\" width=\"120\" \/><\/a><\/p>\n<h2>&quot;Adnkronos&quot;, Libro dei Fatti 2020: il &quot;modello Eni&quot; nelle parole dell&#8217;AD Claudio Descalzi<\/h2>\n<p>\u00c8 un cambiamento <em>&quot;radicale e irreversibile&quot;<\/em> quello che porter\u00e0 Eni a riappropriarsi di un nuovo volto. Lo definisce cos\u00ec l&#8217;AD <strong>Claudio Descalzi<\/strong> nel suo intervento sul Libro dei Fatti di &quot;Adnkronos&quot;: <em>&quot;A febbraio abbiamo presentato un Piano di decarbonizzazione delle attivit\u00e0 che porter\u00e0 l&#8217;azienda da qui a trenta anni a essere leader nella produzione e vendita di prodotti decarbonizzati e del quale i princ\u00ecpi dell&#8217;economia circolare saranno tra i pilastri strategici&quot;<\/em>. Per il momento il piano lanciato da Eni <em>&quot;non ha pari nell&#8217;industria&quot;<\/em>, come evidenzia l&#8217;AD: si avvale di <em>&quot;una metodologia di valutazione delle emissioni unica nel settore, comprensiva di tutti i passaggi della catena di produzione e commercializzazione e di tutti i prodotti generati&quot;<\/em>. \u00c8 stata elaborata <em>&quot;in collaborazione con esperti del mondo accademico e attraverso un processo di verifica indipendente compiuto da terze parti che ne garantisce un&#8217;applicazione coerente&quot;<\/em>. Una strategia dunque <em>&quot;complessa&quot;<\/em>, come rimarca <strong>Claudio Descalzi<\/strong>: <em>&quot;Attraverso tecnologie esistenti e il nostro know how coniuga gli obiettivi di continuo sviluppo con una significativa riduzione dell&#8217;impronta carbonica delle nostre attivit\u00e0&quot;<\/em>.<\/p>\n<h2>Claudio Descalzi: entro trenta anni Eni sar\u00e0 leader nella produzione di prodotti decarbonizzati<\/h2>\n<p>Nell&#8217;intervento sul Libro dei Fatti, l&#8217;AD <strong><a href=\"https:\/\/www.adnkronos.com\/soldi\/economia\/2020\/10\/05\/eni-descalzi-cambia-volto-entro-anni-leader-produzione-prodotti-decarbonizzati_DcJS50Ogqxef24jQFix9dO.html\" title=\"Claudio Descalzi spiega modello Eni ad Adnkronos\">Claudio Descalzi<\/a><\/strong> illustra inoltre gli obiettivi che il Gruppo si \u00e8 dato: il pi\u00f9 grande <em>&quot;\u00e8 quello di ottenere al 2050 la riduzione dell&#8217;80% rispetto al 2018 delle emissioni nette riferibili all&#8217;intero ciclo di vita dei prodotti energetici venduti, che includono emissioni Scope 1, 2 e 3&quot;<\/em>. Eni punta dunque a valorizzare e a rendere sempre pi\u00f9 sostenibile il portafoglio upstream oil&amp;gas con l&#8217;obiettivo di ridurne l&#8217;impronta carbonica attraverso una forte azione di efficienza energetica e l&#8217;espansione della componente gas, nell&#8217;ambito di una progressiva riduzione della produzione di idrocaburi. Non solo: <em>&quot;Produrremo energia verde sviluppando le rinnovabili; faremo gas, Gnl e idrogeno da gas ripuliti dalla CO2 grazie ai progetti di cattura e stoccaggio; produrremo bio carburanti dalle nostre bioraffinerie, nonch\u00e9 metanolo e idrogeno dai nostri progetti di valorizzazione dei rifiuti organici; faremo chimica bio sfruttando i materiali da riciclo e produrremo biometano di derivazione agricola&quot;<\/em>. \u00c8 dunque questa l&#8217;Eni del futuro, come ribadisce infine <strong>Claudio Descalz<\/strong>i: focalizzata su prodotti decarbonizzati che sono destinati <em>&quot;a un enorme parco clienti retail, commerciale e industriale, domestico e relativo alla mobilit\u00e0 sostenibile&quot;<\/em>.<\/p>\n","protected":false},"excerpt":{"rendered":"<p>Il Libro dei Fatti 2020 di &quot;Adnkronos&quot; si avvale del contributo di Claudio Descalzi: &quot;Eni sta cambiando volto, in modo radicale e irreversibile. A febbraio abbiamo presentato un Piano di decarbonizzazione delle attivit\u00e0 che porter\u00e0 l&#8217;azienda da qui a 30 anni a essere leader nella produzione e vendita di prodotti decarbonizzati, e del quale i [&hellip;]<\/p>\n","protected":false},"author":3661,"featured_media":0,"comment_status":"open","ping_status":"open","sticky":false,"template":"","format":"standard","meta":{"footnotes":""},"categories":[5],"tags":[11757,11758],"class_list":["post-56214","post","type-post","status-publish","format-standard","hentry","category-aziendali","tag-claudio-descalzi","tag-eni"],"_links":{"self":[{"href":"https:\/\/www.area-press.eu\/comunicatistampa\/wp-json\/wp\/v2\/posts\/56214","targetHints":{"allow":["GET"]}}],"collection":[{"href":"https:\/\/www.area-press.eu\/comunicatistampa\/wp-json\/wp\/v2\/posts"}],"about":[{"href":"https:\/\/www.area-press.eu\/comunicatistampa\/wp-json\/wp\/v2\/types\/post"}],"author":[{"embeddable":true,"href":"https:\/\/www.area-press.eu\/comunicatistampa\/wp-json\/wp\/v2\/users\/3661"}],"replies":[{"embeddable":true,"href":"https:\/\/www.area-press.eu\/comunicatistampa\/wp-json\/wp\/v2\/comments?post=56214"}],"version-history":[{"count":2,"href":"https:\/\/www.area-press.eu\/comunicatistampa\/wp-json\/wp\/v2\/posts\/56214\/revisions"}],"predecessor-version":[{"id":56222,"href":"https:\/\/www.area-press.eu\/comunicatistampa\/wp-json\/wp\/v2\/posts\/56214\/revisions\/56222"}],"wp:attachment":[{"href":"https:\/\/www.area-press.eu\/comunicatistampa\/wp-json\/wp\/v2\/media?parent=56214"}],"wp:term":[{"taxonomy":"category","embeddable":true,"href":"https:\/\/www.area-press.eu\/comunicatistampa\/wp-json\/wp\/v2\/categories?post=56214"},{"taxonomy":"post_tag","embeddable":true,"href":"https:\/\/www.area-press.eu\/comunicatistampa\/wp-json\/wp\/v2\/tags?post=56214"}],"curies":[{"name":"wp","href":"https:\/\/api.w.org\/{rel}","templated":true}]}}