{"id":56204,"date":"2021-01-27T18:33:41","date_gmt":"2021-01-27T17:33:41","guid":{"rendered":"https:\/\/www.area-press.eu\/comunicatistampa\/?p=56204"},"modified":"2021-01-27T18:33:41","modified_gmt":"2021-01-27T17:33:41","slug":"pronto-soccorso-i-rischi-del-sovraffollamento-lappello-di-nicola-bedin-su-repubblica","status":"publish","type":"post","link":"https:\/\/www.area-press.eu\/comunicatistampa\/2021\/01\/27\/pronto-soccorso-i-rischi-del-sovraffollamento-lappello-di-nicola-bedin-su-repubblica\/","title":{"rendered":"Pronto Soccorso, i rischi del sovraffollamento: l\u2019appello di Nicola Bedin su \u201cRepubblica\u201d"},"content":{"rendered":"<p><em><strong>Regole precise, condivise dalla comunit\u00e0 scientifica, contro la paura del contagio e gli assalti ai presidi ospedalieri di primo soccorso: la soluzione di <a href=\"https:\/\/www.glistatigenerali.com\/salute-e-benessere\/un-vademecum-autorevole-per-affrontare-sintomi-e-paura-la-proposta-di-bedin\/\" title=\"Nicola Bedin: editoriale su Repubblica\">Nicola Bedin<\/a> al centro dell&#8217;editoriale pubblicato su &quot;Repubblica&quot;.<\/strong><\/em><\/p>\n<p><a href=\"https:\/\/www.glistatigenerali.com\/salute-e-benessere\/un-vademecum-autorevole-per-affrontare-sintomi-e-paura-la-proposta-di-bedin\/\" title=\"Nicola Bedin, l'appello su repubblica\"><img decoding=\"async\" alt=\"Nicola Bedin\" src=\"https:\/\/www.snam.it\/export\/sites\/snam-rp\/repository\/img\/governance-new\/consiglio-di-amministrazione\/nicola_bedin.jpg\" width=\"120\" \/><\/a><\/p>\n<h2>Nicola Bedin su &quot;Repubblica&quot;: Covid-19 curato a casa, necessario un vademecum per rassicurare i potenziali malati<\/h2>\n<p>L&#8217;allarmismo e la paura per la pandemia si combatte solo attraverso regole chiare, validate dalla comunit\u00e0 scientifica. In un editoriale pubblicato su &quot;Repubblica&quot; lo scorso 30 ottobre, il Presidente di Snam <strong>Nicola Bedin<\/strong>, alla luce della sua lunga esperienza professionale nella sanit\u00e0, riflette su un fenomeno tornato prepotentemente alla ribalta in queste settimane, a fronte dell&#8217;aumento del numero di contagi. Le lunghe code fuori dai Pronto Soccorso si devono principalmente alla seconda ondata di Coronavirus e alla sua particolare aggressivit\u00e0 ma sono anche il risultato di una scarsa consapevolezza che genera paure in molti casi immotivate. Il sovraffollamento che si crea davanti alle strutture ospedaliere contribuisce ad aumentare il rischio di diffusione del virus provocando inoltre ritardi e disfunzioni nell&#8217;erogazione delle cure &quot;ordinarie&quot;. Secondo <strong>Nicola Bedin<\/strong>, per fronteggiare tale situazione bisognerebbe fare in modo che i pazienti sapessero come comportarsi: fondamentale \u00e8 quindi predisporre regole autorevoli e precise per rassicurare e contribuire ad evitare assalti impropri agli ospedali, come accaduto in queste settimane.<\/p>\n<h2>Nicola Bedin: il valore di regole chiare e condivise con la comunit\u00e0 scientifica per aiutare medici e malati<\/h2>\n<p>Nell&#8217;editoriale, <strong><a href=\"https:\/\/www.glistatigenerali.com\/salute-e-benessere\/un-vademecum-autorevole-per-affrontare-sintomi-e-paura-la-proposta-di-bedin\/\" title=\"L'editoriale di Nicola Bedin su Repubblica\">Nicola Bedin<\/a><\/strong> invita dunque <em>&quot;gli esperti della materia, cio\u00e8 medici e professionisti che hanno maturato una specifica esperienza sul trattamento del Covid-19&quot;<\/em> a riunirsi al pi\u00f9 presto, sotto l&#8217;egida del Ministero, per predisporre <em>&quot;un vademecum semplice e chiaro, di una pagina, da diffondere pubblicamente, contenente indicazioni su cosa fare e non fare in relazione all&#8217;et\u00e0, allo stato di salute, ai diversi sintomi ed alla loro gravit\u00e0&quot;<\/em>. Qualche esempio: <em>&quot;Hai 20 anni e hai solo febbre a 37,5\u00b0? Stai tranquillo a riposo a casa, senza prendere farmaci. La febbre si alza e cominci ad avere tosse? Fai questo, ma non fare quello (perch\u00e9 non serve o pu\u00f2 addirittura essere controproducente). Cominci ad avvertire un affaticamento respiratorio? \u00c8 il caso che ti procuri un saturimetro e verifichi l&#8217;ossigenazione del sangue: se fosse sotto ad un certo livello sarebbe il caso di andare in Pronto Soccorso. E cos\u00ec via, in modo schematico e facilmente intellegibile&quot;<\/em>. Il pensiero di <strong>Nicola Bedin<\/strong> non \u00e8 solo indirizzato ai potenziali pazienti ma anche ai medici <em>&quot;che non si sono trovati nelle condizioni di poter conoscere direttamente il virus e la malattia ad esso associata. Questi medici possono rappresentare una task force aggiuntiva per fornire consulti telefonici o video-telefonici in relazione ad una certa fase dell&#8217;evoluzione della patologia, secondo le linee guida stesse&quot;<\/em>. Il Presidente di Snam e fondatore di Lifenet Healthcare si dice convinto del fatto che <em>&quot;non mancherebbero i volontari pronti a prestarsi a questo ruolo nonch\u00e9 gli enti che potrebbero favorirne l&#8217;organizzazione in tempi rapidi&quot;<\/em>.<\/p>\n","protected":false},"excerpt":{"rendered":"<p>Regole precise, condivise dalla comunit\u00e0 scientifica, contro la paura del contagio e gli assalti ai presidi ospedalieri di primo soccorso: la soluzione di Nicola Bedin al centro dell&#8217;editoriale pubblicato su &quot;Repubblica&quot;. Nicola Bedin su &quot;Repubblica&quot;: Covid-19 curato a casa, necessario un vademecum per rassicurare i potenziali malati L&#8217;allarmismo e la paura per la pandemia si [&hellip;]<\/p>\n","protected":false},"author":6793,"featured_media":0,"comment_status":"open","ping_status":"open","sticky":false,"template":"","format":"standard","meta":{"footnotes":""},"categories":[4],"tags":[28928],"class_list":["post-56204","post","type-post","status-publish","format-standard","hentry","category-attualita-e-societa","tag-nicola-bedin"],"_links":{"self":[{"href":"https:\/\/www.area-press.eu\/comunicatistampa\/wp-json\/wp\/v2\/posts\/56204","targetHints":{"allow":["GET"]}}],"collection":[{"href":"https:\/\/www.area-press.eu\/comunicatistampa\/wp-json\/wp\/v2\/posts"}],"about":[{"href":"https:\/\/www.area-press.eu\/comunicatistampa\/wp-json\/wp\/v2\/types\/post"}],"author":[{"embeddable":true,"href":"https:\/\/www.area-press.eu\/comunicatistampa\/wp-json\/wp\/v2\/users\/6793"}],"replies":[{"embeddable":true,"href":"https:\/\/www.area-press.eu\/comunicatistampa\/wp-json\/wp\/v2\/comments?post=56204"}],"version-history":[{"count":1,"href":"https:\/\/www.area-press.eu\/comunicatistampa\/wp-json\/wp\/v2\/posts\/56204\/revisions"}],"predecessor-version":[{"id":56207,"href":"https:\/\/www.area-press.eu\/comunicatistampa\/wp-json\/wp\/v2\/posts\/56204\/revisions\/56207"}],"wp:attachment":[{"href":"https:\/\/www.area-press.eu\/comunicatistampa\/wp-json\/wp\/v2\/media?parent=56204"}],"wp:term":[{"taxonomy":"category","embeddable":true,"href":"https:\/\/www.area-press.eu\/comunicatistampa\/wp-json\/wp\/v2\/categories?post=56204"},{"taxonomy":"post_tag","embeddable":true,"href":"https:\/\/www.area-press.eu\/comunicatistampa\/wp-json\/wp\/v2\/tags?post=56204"}],"curies":[{"name":"wp","href":"https:\/\/api.w.org\/{rel}","templated":true}]}}