{"id":55961,"date":"2021-01-15T21:03:02","date_gmt":"2021-01-15T20:03:02","guid":{"rendered":"https:\/\/www.area-press.eu\/comunicatistampa\/?p=55961"},"modified":"2021-01-15T21:03:02","modified_gmt":"2021-01-15T20:03:02","slug":"settore-aerospaziale-lintervista-a-gianni-lettieri-presidente-di-atitech","status":"publish","type":"post","link":"https:\/\/www.area-press.eu\/comunicatistampa\/2021\/01\/15\/settore-aerospaziale-lintervista-a-gianni-lettieri-presidente-di-atitech\/","title":{"rendered":"Settore aerospaziale: l\u2019intervista a Gianni Lettieri, Presidente di Atitech"},"content":{"rendered":"<p><em><strong>In un&#8217;intervista rilasciata al quotidiano &#8220;Il Mattino&#8221;, <a title=\"Gianni Lettieri - economia oggi\" href=\"https:\/\/www.economiaoggi.it\/tag\/gianni-lettieri\/\">Gianni Lettieri<\/a> chiede che il Governo faccia come i francesi con il territorio di Toulouse.<\/strong><\/em><\/p>\n<p><a title=\"Gianni Lettieri: economiaoggi\" href=\"https:\/\/www.economiaoggi.it\/tag\/gianni-lettieri\/\"><img decoding=\"async\" src=\"https:\/\/www.economiaoggi.it\/wp-content\/uploads\/2020\/08\/gianni-lettieri.jpg.webp\" alt=\"Gianni Lettieri\" width=\"120\" \/><\/a><\/p>\n<h2>Gianni Lettieri: lo scenario dell&#8217;industria aerospaziale<\/h2>\n<p>C&#8217;\u00e8 bisogno di pi\u00f9 attenzione per il settore aerospaziale da parte dello Stato: \u00e8 l&#8217;appello che <strong>Gianni Lettieri<\/strong>, Presidente di Atitech, ha lanciato al Governo lo scorso 9 settembre in un&#8217;intervista rilasciata a &#8220;Il Mattino&#8221;. Sul quotidiano campano l&#8217;imprenditore ha espresso le sue preoccupazioni per lo scenario attuale del reparto industriale: <em>&#8220;L&#8217;aerospazio non ha mai avuto la considerazione che merita. Non siamo mai riusciti a fare quello che hanno fatto in Francia con Toulouse, un territorio che vive di aerospazio con importanti investimenti da parte dello Stato&#8221;<\/em>. Il manager fa riferimento all&#8217;Aerospace Valley situata nel Sud Ovest, tra Bordeaux e Toulouse, dove attualmente esiste un cluster di oltre 500 aziende dell&#8217;industria aerospaziale. Pochi mesi fa il Governo francese ha varato un piano da 15 miliardi di euro per salvare il settore messo in crisi dal Covid-19. <strong>Gianni Lettieri<\/strong> chiede quindi maggiore consapevolezza da parte dello Stato, soprattutto in considerazione del fatto che in Italia ci siano <em>&#8220;competenze, aziende efficienti con buoni prodotti, maestranze addestrate e soprattutto le Universit\u00e0&#8221;<\/em>.<\/p>\n<h2>Gianni Lettieri: per investimenti prendere in considerazione il Recovery Fund<\/h2>\n<p>Secondo il Presidente di Atitech, bisogna innanzitutto che il Governo realizzi degli investimenti strutturali per permettere al settore di dispiegare le sue potenzialit\u00e0. Investimenti che per\u00f2, ha specificato <strong><a title=\"Gianni Lettieri, economia oggi\" href=\"https:\/\/www.economiaoggi.it\/tag\/gianni-lettieri\/\">Gianni Lettieri<\/a><\/strong>, siano accompagnati da una programmazione di tutto il settore industriale, seguendo gli esempi di partner europei e d&#8217;oltreoceano. Il Recovery Fund potrebbe rappresentare uno spiraglio: <em>&#8220;Tutto si pu\u00f2 fare se c&#8217;\u00e8 la volont\u00e0 e la capacit\u00e0. Certo bisogna discuterne con l&#8217;Europa. Ma peggio della crisi sarebbe non approfittare della crisi stessa. L&#8217;Italia pu\u00f2 &#8220;usare&#8221; la crisi per risolvere i problemi del Paese e di interi settori&#8221;<\/em>. Il rilancio e la valorizzazione di tutto il reparto potr\u00e0 verificarsi in primis trovando soluzioni per le difficolt\u00e0 registrate da territori e aziende, problematiche gi\u00e0 presenti ma peggiorate con l&#8217;emergenza sanitaria: <em>&#8220;In Campania pur producendo tutto, dalla fusoliera all&#8217;avionica, non \u00e8 mai decollato un velivolo finito ma sempre pezzi da assembrare altrove<\/em> &#8211; ha dichiarato <strong>Gianni Lettieri<\/strong> &#8211; <em>parliamo di aerei di grandi dimensioni, ovviamente. Si era arrivati quasi al punto di partire con il nuovo Turboprop ma poi il progetto si \u00e8 arenato&#8221;<\/em>.<\/p>\n","protected":false},"excerpt":{"rendered":"<p>In un&#8217;intervista rilasciata al quotidiano &#8220;Il Mattino&#8221;, Gianni Lettieri chiede che il Governo faccia come i francesi con il territorio di Toulouse. Gianni Lettieri: lo scenario dell&#8217;industria aerospaziale C&#8217;\u00e8 bisogno di pi\u00f9 attenzione per il settore aerospaziale da parte dello Stato: \u00e8 l&#8217;appello che Gianni Lettieri, Presidente di Atitech, ha lanciato al Governo lo scorso [&hellip;]<\/p>\n","protected":false},"author":6664,"featured_media":0,"comment_status":"open","ping_status":"open","sticky":false,"template":"","format":"standard","meta":{"footnotes":""},"categories":[5],"tags":[28443],"class_list":["post-55961","post","type-post","status-publish","format-standard","hentry","category-aziendali","tag-gianni-lettieri"],"_links":{"self":[{"href":"https:\/\/www.area-press.eu\/comunicatistampa\/wp-json\/wp\/v2\/posts\/55961","targetHints":{"allow":["GET"]}}],"collection":[{"href":"https:\/\/www.area-press.eu\/comunicatistampa\/wp-json\/wp\/v2\/posts"}],"about":[{"href":"https:\/\/www.area-press.eu\/comunicatistampa\/wp-json\/wp\/v2\/types\/post"}],"author":[{"embeddable":true,"href":"https:\/\/www.area-press.eu\/comunicatistampa\/wp-json\/wp\/v2\/users\/6664"}],"replies":[{"embeddable":true,"href":"https:\/\/www.area-press.eu\/comunicatistampa\/wp-json\/wp\/v2\/comments?post=55961"}],"version-history":[{"count":1,"href":"https:\/\/www.area-press.eu\/comunicatistampa\/wp-json\/wp\/v2\/posts\/55961\/revisions"}],"predecessor-version":[{"id":55962,"href":"https:\/\/www.area-press.eu\/comunicatistampa\/wp-json\/wp\/v2\/posts\/55961\/revisions\/55962"}],"wp:attachment":[{"href":"https:\/\/www.area-press.eu\/comunicatistampa\/wp-json\/wp\/v2\/media?parent=55961"}],"wp:term":[{"taxonomy":"category","embeddable":true,"href":"https:\/\/www.area-press.eu\/comunicatistampa\/wp-json\/wp\/v2\/categories?post=55961"},{"taxonomy":"post_tag","embeddable":true,"href":"https:\/\/www.area-press.eu\/comunicatistampa\/wp-json\/wp\/v2\/tags?post=55961"}],"curies":[{"name":"wp","href":"https:\/\/api.w.org\/{rel}","templated":true}]}}