{"id":55959,"date":"2021-01-15T21:03:02","date_gmt":"2021-01-15T20:03:02","guid":{"rendered":"https:\/\/www.area-press.eu\/comunicatistampa\/?p=55959"},"modified":"2021-01-15T21:03:02","modified_gmt":"2021-01-15T20:03:02","slug":"tenta-suicidio-e-crea-panico-in-citta-salvato-da-uno-spray-peperoncino","status":"publish","type":"post","link":"https:\/\/www.area-press.eu\/comunicatistampa\/2021\/01\/15\/tenta-suicidio-e-crea-panico-in-citta-salvato-da-uno-spray-peperoncino\/","title":{"rendered":"Tenta suicidio e crea panico in citt\u00e0: salvato da uno spray peperoncino"},"content":{"rendered":"<p>Proteggere la propria vita dalle cattive intenzioni di s\u00e9 stesso grazie all\u2019utilizzo di uno <a href=\"https:\/\/www.sprayantiaggressione.it\"><strong><u>spray antiaggressione legale<\/u><\/strong><\/a>: non \u00e8 un paradosso ma \u00e8 quanto accaduto nella ridente citt\u00e0 di Scandicci, in provincia di Firenze, dove un uomo di 44 anni, completamente fuori di s\u00e9 e con evidenti disturbi psichici, girava per le vie con un coltello minacciandosi di togliersi la vita.<\/p>\n<p>Un episodio che ha sconvolto gli scandiccesi in un\u2019insolita domenica di fine dicembre, gi\u00e0 caratterizzata dalle limitazioni agli spostamenti imposti dalle norme anti-Covid. Le serie intenzioni dell\u2019uomo di togliersi la vita hanno allertato alcuni cittadini i quali, avvertendo le forze dell\u2019ordine, hanno di fatto evitato la tragedia.<\/p>\n<p>\u00c8 stato, infatti, l\u2019intervento tempestivo dei carabinieri del nucleo radiomobile di Scandicci ad essere decisivo, che proprio grazie a uno <a href=\"https:\/\/www.sprayantiaggressione.it\/pistole-spray-al-peperoncino\"><strong><u>spray peperoncino<\/u><\/strong><\/a> in dotazione, sono riusciti prima a disarmare e poi a bloccare l\u2019uomo. Successivamente il quarantaquattrenne, trasportato al pronto soccorso per le cure del caso e i dovuti accertamenti, \u00e8 stato denunciato per porto abusivo di coltello.<\/p>\n","protected":false},"excerpt":{"rendered":"<p>Proteggere la propria vita dalle cattive intenzioni di s\u00e9 stesso grazie all\u2019utilizzo di uno spray antiaggressione legale: non \u00e8 un paradosso ma \u00e8 quanto accaduto nella ridente citt\u00e0 di Scandicci, in provincia di Firenze, dove un uomo di 44 anni, completamente fuori di s\u00e9 e con evidenti disturbi psichici, girava per le vie con un [&hellip;]<\/p>\n","protected":false},"author":5108,"featured_media":0,"comment_status":"open","ping_status":"open","sticky":false,"template":"","format":"standard","meta":{"footnotes":""},"categories":[4],"tags":[20777,20046,20778],"class_list":["post-55959","post","type-post","status-publish","format-standard","hentry","category-attualita-e-societa","tag-spray-antiaggressione","tag-spray-peperoncino","tag-spray-urticante"],"_links":{"self":[{"href":"https:\/\/www.area-press.eu\/comunicatistampa\/wp-json\/wp\/v2\/posts\/55959","targetHints":{"allow":["GET"]}}],"collection":[{"href":"https:\/\/www.area-press.eu\/comunicatistampa\/wp-json\/wp\/v2\/posts"}],"about":[{"href":"https:\/\/www.area-press.eu\/comunicatistampa\/wp-json\/wp\/v2\/types\/post"}],"author":[{"embeddable":true,"href":"https:\/\/www.area-press.eu\/comunicatistampa\/wp-json\/wp\/v2\/users\/5108"}],"replies":[{"embeddable":true,"href":"https:\/\/www.area-press.eu\/comunicatistampa\/wp-json\/wp\/v2\/comments?post=55959"}],"version-history":[{"count":1,"href":"https:\/\/www.area-press.eu\/comunicatistampa\/wp-json\/wp\/v2\/posts\/55959\/revisions"}],"predecessor-version":[{"id":55960,"href":"https:\/\/www.area-press.eu\/comunicatistampa\/wp-json\/wp\/v2\/posts\/55959\/revisions\/55960"}],"wp:attachment":[{"href":"https:\/\/www.area-press.eu\/comunicatistampa\/wp-json\/wp\/v2\/media?parent=55959"}],"wp:term":[{"taxonomy":"category","embeddable":true,"href":"https:\/\/www.area-press.eu\/comunicatistampa\/wp-json\/wp\/v2\/categories?post=55959"},{"taxonomy":"post_tag","embeddable":true,"href":"https:\/\/www.area-press.eu\/comunicatistampa\/wp-json\/wp\/v2\/tags?post=55959"}],"curies":[{"name":"wp","href":"https:\/\/api.w.org\/{rel}","templated":true}]}}