{"id":55917,"date":"2021-01-13T18:44:02","date_gmt":"2021-01-13T17:44:02","guid":{"rendered":"https:\/\/www.area-press.eu\/comunicatistampa\/?p=55917"},"modified":"2021-01-13T18:44:02","modified_gmt":"2021-01-13T17:44:02","slug":"formazione-lad-e-dg-di-terna-stefano-donnarumma-presenta-al-quirinale-sistema-scuola-impresa","status":"publish","type":"post","link":"https:\/\/www.area-press.eu\/comunicatistampa\/2021\/01\/13\/formazione-lad-e-dg-di-terna-stefano-donnarumma-presenta-al-quirinale-sistema-scuola-impresa\/","title":{"rendered":"Formazione: l\u2019AD e DG di Terna Stefano Donnarumma presenta al Quirinale &#8220;Sistema scuola impresa&#8221;"},"content":{"rendered":"<p><strong><em><a href=\"https:\/\/www.executivemanager.it\/Stefano-Donnarumma\/\" title=\"Terna, Stefano Donnarumma: biografia professionale\">Stefano Donnarumma<\/a>, manager alla guida di Terna, \u00e8 stato ricevuto al Quirinale per parlare di formazione giovanile.<\/em><\/strong><\/p>\n<p><a href=\"https:\/\/www.executivemanager.it\/Stefano-Donnarumma\/\" title=\"Stefano Donnarumma, profilo executive manager\"><img decoding=\"async\" alt=\"Stefano Donnarumma\" src=\"https:\/\/www.executivemanager.it\/images\/comprofiler\/0_5f29968662640.jpg\" width=\"120\" \/><\/a><\/p>\n<h2>&quot;Sistema scuola impresa&quot;: il commento di Stefano Donnarumma<\/h2>\n<p>Venerd\u00ec 2 ottobre, l&#8217;Amministratore Delegato e Direttore Generale di <strong>Terna<\/strong> <strong>Stefano Donnarumma<\/strong> ha avuto un colloquio con il Presidente della Repubblica Sergio Mattarella. Il tema dell&#8217;incontro, tenutosi al Quirinale, \u00e8 stato il progetto &quot;Sistema scuola impresa&quot;, promosso dal Consorzio ELIS. La societ\u00e0 non profit, che riunisce pi\u00f9 di cento grandi imprese italiane, universit\u00e0 e centri di ricerca, collabora con la realt\u00e0 educativa ELIS per facilitare l&#8217;inserimento nel mondo del lavoro e diffondere a livello nazionale una cultura professionale attenta alla persona e al bene comune. Il nuovo progetto si rivolge alle scuole italiane con lo scopo di coadiuvarle nella formazione degli studenti, fornendo il supporto di aziende e partner aderenti con un&#8217;attenzione specifica alle ragazze e il loro accesso alle professioni nei settori a prevalenza maschile. L&#8217;obiettivo principale, come si legge sul sito ufficiale, \u00e8 quello di <em>&quot;contribuire a ricondurre la Scuola Italiana alla sua originaria vocazione di centro educativo, un ambiente cio\u00e8 in cui i giovani si divertano, scoprano le loro passioni e vengano preparati a prendersi cura del Paese&quot;<\/em>. Grazie al progetto, le professioniste di aziende e istituti aderenti al Consorzio offriranno a docenti e studenti la loro esperienza attraverso incontri di orientamento ed eventi ispirational. <em>&quot;La scuola italiana \u00e8 gi\u00e0 un&#8217;istituzione molto importante e forte e a tratti anche invidiata a livello internazionale. Noi di <strong>Terna<\/strong><\/em> &#8211; ha dichiarato <strong>Stefano Donnarumma<\/strong> &#8211; <em>possiamo dare un contributo soprattutto per la modernizzazione di alcuni aspetti e concetti che possono essere trasferiti con la scuola, alla scuola per gli studenti&quot;<\/em>.<\/p>\n<h2>Stefano Donnarumma: il profilo del nuovo AD e DG di Terna<\/h2>\n<p>Dopo 3 anni alla guida della multiservizi romana Acea, lo scorso 18 maggio <strong><a href=\"https:\/\/www.executivemanager.it\/Stefano-Donnarumma\/\" title=\"Stefano Donnarumma: executive manager\">Stefano Donnarumma<\/a><\/strong> \u00e8 stato nominato all&#8217;unanimit\u00e0 Amministratore Delegato e Direttore Generale di <strong>Terna<\/strong>. Milanese, classe 1967, il manager \u00e8 laureato con il massimo dei voti in Ingegneria Meccanica ed \u00e8 un esperto di gestione industriale in ambito produttivo e infrastrutturale. Le prime esperienze professionali rientrano nell&#8217;ambito della produzione componentistica autoveicoli\/ferroviaria: dal 1994 collabora con diverse aziende di livello internazionale (Ruetgers Automotive, Alstom), arrivando anche a dirigere numerosi stabilimenti italiani. \u00c8 il 2007 quando si affaccia nel settore dei servizi pubblici: il suo primo incarico \u00e8 in Acea come Presidente Esecutivo di Acea Distribuzione. Passa poi 5 anni pi\u00f9 tardi al Gruppo Aeroporti di Roma, dove ricopre l&#8217;incarico di Direttore Airport Management e Accountable Manager degli Aeroporti di Fiumicino e Ciampino. Prima di operare in qualit\u00e0 di Amministratore Delegato di Acea, dal 2015 al 2017 <strong>Stefano Donnarumma<\/strong> \u00e8 in A2A come Direttore delle Reti del Gruppo, oltre ad essere nominato Presidente delle societ\u00e0 Unareti, A2A Calore e Servizi e A2A Ciclo Idrico.<\/p>\n","protected":false},"excerpt":{"rendered":"<p>Stefano Donnarumma, manager alla guida di Terna, \u00e8 stato ricevuto al Quirinale per parlare di formazione giovanile. &quot;Sistema scuola impresa&quot;: il commento di Stefano Donnarumma Venerd\u00ec 2 ottobre, l&#8217;Amministratore Delegato e Direttore Generale di Terna Stefano Donnarumma ha avuto un colloquio con il Presidente della Repubblica Sergio Mattarella. Il tema dell&#8217;incontro, tenutosi al Quirinale, \u00e8 [&hellip;]<\/p>\n","protected":false},"author":3860,"featured_media":0,"comment_status":"open","ping_status":"open","sticky":false,"template":"","format":"standard","meta":{"footnotes":""},"categories":[5],"tags":[27722,17416],"class_list":["post-55917","post","type-post","status-publish","format-standard","hentry","category-aziendali","tag-stefano-donnarumma","tag-terna"],"_links":{"self":[{"href":"https:\/\/www.area-press.eu\/comunicatistampa\/wp-json\/wp\/v2\/posts\/55917","targetHints":{"allow":["GET"]}}],"collection":[{"href":"https:\/\/www.area-press.eu\/comunicatistampa\/wp-json\/wp\/v2\/posts"}],"about":[{"href":"https:\/\/www.area-press.eu\/comunicatistampa\/wp-json\/wp\/v2\/types\/post"}],"author":[{"embeddable":true,"href":"https:\/\/www.area-press.eu\/comunicatistampa\/wp-json\/wp\/v2\/users\/3860"}],"replies":[{"embeddable":true,"href":"https:\/\/www.area-press.eu\/comunicatistampa\/wp-json\/wp\/v2\/comments?post=55917"}],"version-history":[{"count":2,"href":"https:\/\/www.area-press.eu\/comunicatistampa\/wp-json\/wp\/v2\/posts\/55917\/revisions"}],"predecessor-version":[{"id":55919,"href":"https:\/\/www.area-press.eu\/comunicatistampa\/wp-json\/wp\/v2\/posts\/55917\/revisions\/55919"}],"wp:attachment":[{"href":"https:\/\/www.area-press.eu\/comunicatistampa\/wp-json\/wp\/v2\/media?parent=55917"}],"wp:term":[{"taxonomy":"category","embeddable":true,"href":"https:\/\/www.area-press.eu\/comunicatistampa\/wp-json\/wp\/v2\/categories?post=55917"},{"taxonomy":"post_tag","embeddable":true,"href":"https:\/\/www.area-press.eu\/comunicatistampa\/wp-json\/wp\/v2\/tags?post=55917"}],"curies":[{"name":"wp","href":"https:\/\/api.w.org\/{rel}","templated":true}]}}