{"id":55701,"date":"2021-01-08T02:55:02","date_gmt":"2021-01-08T01:55:02","guid":{"rendered":"https:\/\/www.area-press.eu\/comunicatistampa\/?p=55701"},"modified":"2021-01-08T02:55:02","modified_gmt":"2021-01-08T01:55:02","slug":"andrea-mascetti-le-iniziative-di-fondazione-cariplo-a-sostegno-dei-bisognosi","status":"publish","type":"post","link":"https:\/\/www.area-press.eu\/comunicatistampa\/2021\/01\/08\/andrea-mascetti-le-iniziative-di-fondazione-cariplo-a-sostegno-dei-bisognosi\/","title":{"rendered":"Andrea Mascetti: le iniziative di Fondazione Cariplo a sostegno dei bisognosi"},"content":{"rendered":"<p><em><strong><a title=\"Andrea Mascetti, slideshare\" href=\"https:\/\/www.slideshare.net\/andreamascetti\">Andrea Mascetti<\/a>, in qualit\u00e0 di Coordinatore della Commissione Arte e Cultura di Fondazione Cariplo, ha recentemente commentato l&#8217;operato della Commissione Centrale di Beneficienza di cui fa parte: il Natale \u00e8 anche questo, supportare iniziative volte alla lotta contro la povert\u00e0 sul territorio. <\/strong><\/em><\/p>\n<p><a title=\"Andrea Mascetti, biografia slideshare\" href=\"https:\/\/www.slideshare.net\/andreamascetti\"><img loading=\"lazy\" decoding=\"async\" src=\"https:\/\/cdn.slidesharecdn.com\/profile-photo-andreamascetti-96x96.jpg?cb=1523222040\" alt=\"Andrea Mascetti, slideshare\" width=\"70\" height=\"70\" \/><\/a><\/p>\n<h2>Andrea Mascetti: l&#8217;obiettivo della Commissione Centrale di Beneficenza<\/h2>\n<p><em>&#8220;Sar\u00e0 un Natale diverso, in cui dobbiamo mostrare tutto il senso che esso rappresenta&#8221;<\/em>: cos\u00ec si sono espressi <strong>Andrea Mascetti<\/strong> e gli altri commissari varesini che operano nella Commissione Centrale di Beneficenza. L&#8217;ente ha annunciato l&#8217;istituzione di un Fondo povert\u00e0 che potr\u00e0 essere implementato con risorse proprie e con donazioni raccolte nel territorio. L&#8217;obiettivo \u00e8 far fronte alla crescita della povert\u00e0, trovando risorse che saranno destinate alle necessit\u00e0 locali. <strong>Andrea Mascetti<\/strong>, in qualit\u00e0 di Coordinatore della Commissione Arte e Cultura, \u00e8 al centro di questa iniziativa: <em>&#8220;Abbiamo una grande responsabilit\u00e0. Questo \u00e8 il momento di agire&#8221;<\/em>, ha dichiarato. Il progetto punta anche ad attivare nuove collaborazioni con soggetti che operano sul territorio, in modo da non sovrapporsi ma affrontare i problemi in sinergia. Al centro dell&#8217;iniziativa di Fondazione Cariplo ci sono quindi comunit\u00e0 e reti territoriali, uniti per contrastare la nuova ondata di povert\u00e0 derivante dalla pandemia.<\/p>\n<h2>Andrea Mascetti: un&#8217;iniziativa nel pieno spirito natalizio<\/h2>\n<p><em>&#8220;Come a marzo quando l&#8217;emergenza erano le dotazioni sanitarie insufficienti, oggi l&#8217;emergenza \u00e8 il sostegno alle persone in difficolt\u00e0 economica&#8221;<\/em>, rilevano <strong><a title=\"Andrea Mascetti: profilo slideshare\" href=\"https:\/\/www.slideshare.net\/andreamascetti\">Andrea Mascetti<\/a><\/strong> e gli altri commissari varesini. <em>&#8220;Siamo convinti che le comunit\u00e0 locali sapranno raccogliere questo impegno al fianco della Fondazione, qui conosciamo i problemi e conosciamo le persone che hanno bisogno&#8221;<\/em>. Fondazione Cariplo \u00e8 impegnata da tempo a promuovere cultura ed eccellenze del territorio, per contrastare la povert\u00e0 in ogni sua forma, che sia alimentare, energetica, digitale o educativa. Oggi, nello specifico programma <em>&#8220;Contrastare l&#8217;aggravio della povert\u00e0&#8221;<\/em>, la Fondazione ha destinato la somma di 1.300.000 euro, al quale vanno aggiunti 300.000 euro messi a disposizione da Fondazione Peppino Vismara. <em>&#8220;Solo una fitta rete di solidariet\u00e0 pu\u00f2 rispondere alle richieste di aiuto di queste persone&#8221;<\/em>, ha commentato <strong>Andrea Mascetti<\/strong>. Il vero senso del Natale \u00e8 anche questo.<\/p>\n","protected":false},"excerpt":{"rendered":"<p>Andrea Mascetti, in qualit\u00e0 di Coordinatore della Commissione Arte e Cultura di Fondazione Cariplo, ha recentemente commentato l&#8217;operato della Commissione Centrale di Beneficienza di cui fa parte: il Natale \u00e8 anche questo, supportare iniziative volte alla lotta contro la povert\u00e0 sul territorio. Andrea Mascetti: l&#8217;obiettivo della Commissione Centrale di Beneficenza &#8220;Sar\u00e0 un Natale diverso, in [&hellip;]<\/p>\n","protected":false},"author":40,"featured_media":0,"comment_status":"open","ping_status":"open","sticky":false,"template":"","format":"standard","meta":{"footnotes":""},"categories":[4],"tags":[22151],"class_list":["post-55701","post","type-post","status-publish","format-standard","hentry","category-attualita-e-societa","tag-andrea-mascetti"],"_links":{"self":[{"href":"https:\/\/www.area-press.eu\/comunicatistampa\/wp-json\/wp\/v2\/posts\/55701","targetHints":{"allow":["GET"]}}],"collection":[{"href":"https:\/\/www.area-press.eu\/comunicatistampa\/wp-json\/wp\/v2\/posts"}],"about":[{"href":"https:\/\/www.area-press.eu\/comunicatistampa\/wp-json\/wp\/v2\/types\/post"}],"author":[{"embeddable":true,"href":"https:\/\/www.area-press.eu\/comunicatistampa\/wp-json\/wp\/v2\/users\/40"}],"replies":[{"embeddable":true,"href":"https:\/\/www.area-press.eu\/comunicatistampa\/wp-json\/wp\/v2\/comments?post=55701"}],"version-history":[{"count":1,"href":"https:\/\/www.area-press.eu\/comunicatistampa\/wp-json\/wp\/v2\/posts\/55701\/revisions"}],"predecessor-version":[{"id":55702,"href":"https:\/\/www.area-press.eu\/comunicatistampa\/wp-json\/wp\/v2\/posts\/55701\/revisions\/55702"}],"wp:attachment":[{"href":"https:\/\/www.area-press.eu\/comunicatistampa\/wp-json\/wp\/v2\/media?parent=55701"}],"wp:term":[{"taxonomy":"category","embeddable":true,"href":"https:\/\/www.area-press.eu\/comunicatistampa\/wp-json\/wp\/v2\/categories?post=55701"},{"taxonomy":"post_tag","embeddable":true,"href":"https:\/\/www.area-press.eu\/comunicatistampa\/wp-json\/wp\/v2\/tags?post=55701"}],"curies":[{"name":"wp","href":"https:\/\/api.w.org\/{rel}","templated":true}]}}