{"id":5570,"date":"2016-01-25T22:17:12","date_gmt":"2016-01-25T21:17:12","guid":{"rendered":"http:\/\/www.area-press.eu\/comunicatistampa\/?p=5570"},"modified":"2016-01-25T22:17:12","modified_gmt":"2016-01-25T21:17:12","slug":"take-giuliano-lasta-nuovo-head-of-strategic-planning","status":"publish","type":"post","link":"https:\/\/www.area-press.eu\/comunicatistampa\/2016\/01\/25\/take-giuliano-lasta-nuovo-head-of-strategic-planning\/","title":{"rendered":"Take: Giuliano Lasta nuovo Head of Strategic Planning"},"content":{"rendered":"<p><strong>Giuliano Lasta,<\/strong> dopo una lunga esperienza nelle principali agenzie italiane, approda in<strong> Take<\/strong> con il ruolo di consigliere d\u2019amministrazione e <em>Head of Strategic Planning<\/em>. Lasta seguir\u00e0 tutte le attivit\u00e0 di strategia dei clienti Take, oltre a lavorare al coordinamento strategico tra le discipline e i reparti dell\u2019agenzia.<\/p>\n<p>\u201cCon l\u2019ingresso di Lasta ci rafforziamo ulteriormente e proseguiamo nella crescita &#8211; dichiara <strong>Marco Di Marco, <\/strong>Ceo di Take &#8211; Sono certo che questo consentir\u00e0 di migliorare la nostra capacit\u00e0 strategica per essere sempre pi\u00f9 competitivi sul mercato\u201d.<\/p>\n<p>\u201cHo scelto Take perch\u00e9 \u00e8 un\u2019idea innovativa di agenzia, dove la parola strategia \u00e8 al centro di un progetto di consulenza per le marche e al servizio di un vero sistema di <em>operation<\/em> multidisciplinare &#8211; spiega <strong>Giuliano Lasta<\/strong> &#8211; L\u2019obiettivo \u00e8 dare un contributo alla crescita delle attivit\u00e0 di Take anche sotto l\u2019aspetto organizzativo\u201d.<\/p>\n<p>Per ulteriori informazioni <strong>www.takegroup.it<\/strong><\/p>\n","protected":false},"excerpt":{"rendered":"<p>Giuliano Lasta, dopo una lunga esperienza nelle principali agenzie italiane, approda in Take con il ruolo di consigliere d\u2019amministrazione e Head of Strategic Planning. Lasta seguir\u00e0 tutte le attivit\u00e0 di strategia dei clienti Take, oltre a lavorare al coordinamento strategico tra le discipline e i reparti dell\u2019agenzia. \u201cCon l\u2019ingresso di Lasta ci rafforziamo ulteriormente e [&hellip;]<\/p>\n","protected":false},"author":36,"featured_media":0,"comment_status":"open","ping_status":"open","sticky":false,"template":"","format":"standard","meta":{"footnotes":""},"categories":[29],"tags":[4517],"class_list":["post-5570","post","type-post","status-publish","format-standard","hentry","category-comunicati","tag-giuliano-lasta"],"_links":{"self":[{"href":"https:\/\/www.area-press.eu\/comunicatistampa\/wp-json\/wp\/v2\/posts\/5570","targetHints":{"allow":["GET"]}}],"collection":[{"href":"https:\/\/www.area-press.eu\/comunicatistampa\/wp-json\/wp\/v2\/posts"}],"about":[{"href":"https:\/\/www.area-press.eu\/comunicatistampa\/wp-json\/wp\/v2\/types\/post"}],"author":[{"embeddable":true,"href":"https:\/\/www.area-press.eu\/comunicatistampa\/wp-json\/wp\/v2\/users\/36"}],"replies":[{"embeddable":true,"href":"https:\/\/www.area-press.eu\/comunicatistampa\/wp-json\/wp\/v2\/comments?post=5570"}],"version-history":[{"count":1,"href":"https:\/\/www.area-press.eu\/comunicatistampa\/wp-json\/wp\/v2\/posts\/5570\/revisions"}],"predecessor-version":[{"id":5571,"href":"https:\/\/www.area-press.eu\/comunicatistampa\/wp-json\/wp\/v2\/posts\/5570\/revisions\/5571"}],"wp:attachment":[{"href":"https:\/\/www.area-press.eu\/comunicatistampa\/wp-json\/wp\/v2\/media?parent=5570"}],"wp:term":[{"taxonomy":"category","embeddable":true,"href":"https:\/\/www.area-press.eu\/comunicatistampa\/wp-json\/wp\/v2\/categories?post=5570"},{"taxonomy":"post_tag","embeddable":true,"href":"https:\/\/www.area-press.eu\/comunicatistampa\/wp-json\/wp\/v2\/tags?post=5570"}],"curies":[{"name":"wp","href":"https:\/\/api.w.org\/{rel}","templated":true}]}}