{"id":5564,"date":"2016-01-25T22:17:13","date_gmt":"2016-01-25T21:17:13","guid":{"rendered":"http:\/\/www.area-press.eu\/comunicatistampa\/?p=5564"},"modified":"2016-01-25T22:17:13","modified_gmt":"2016-01-25T21:17:13","slug":"fjallraven-a-ispo-2016","status":"publish","type":"post","link":"https:\/\/www.area-press.eu\/comunicatistampa\/2016\/01\/25\/fjallraven-a-ispo-2016\/","title":{"rendered":"Fj\u00e4llr\u00e4ven a ISPO 2016"},"content":{"rendered":"<table width=\"100%\">\n<tbody>\n<tr>\n<td>Monaco di Baviera \u2013 <strong>A ISPO 2016<\/strong> l\u2019azienda svedese Fj\u00e4llr\u00e4ven, specializzata nella produzione di abbigliamento e attrezzature outdoor agendo nel pieno rispetto di uomini, animali e natura, ha presentato la <strong>prossima stagione invernale 2016\/17<\/strong> che comprende numerose novit\u00e0 e interessanti innovazioni, a dimostrazione di quanto sia importante per il marchio il tema della sostenibilit\u00e0. Tra le novit\u00e0, uno zaino K\u00e5nken rinnovato e sostenibile, una tenda da spedizione estremamente stabile, nonch\u00e9 nuovi hardshell nella linea Eco-Shell, impermeabile e traspirante.<\/p>\n<p>Quando, nel 1960, \u00c5ke Nordin fond\u00f2 il marchio Fj\u00e4llr\u00e4ven, una cosa gli stava particolarmente a cuore: preservare la natura e i suoi luoghi incontaminati, che erano parte integrante della sua vita, anche per le generazioni future, attraverso un approccio responsabile. Un pensiero fisso che ha accompagnato e che continua ad accompagnare l\u2019azienda da oltre 55 anni e che oggi \u00e8 pi\u00f9 che mai attuale. In Fj\u00e4llr\u00e4ven siamo convinti che un\u2019azienda per l\u2019outdoor come la nostra abbia una grande responsabilit\u00e0, che richiede di pensare e di agire in modo consapevole e sostenibile. \u00a0Per questo siamo sempre alla ricerca di materiali nuovi, sempre pi\u00f9 sostenibili, e di processi produttivi in grado di ottimizzare le risorse con il minor impatto possibile sull\u2019ambiente.<\/p>\n<p>Per la stagione autunno\/inverno 2016, <strong>la linea Eco-Shell di Fj\u00e4llr\u00e4ven<\/strong>, sostenibile e priva di fluorocarburi, \u00e8 stata <strong>ulteriormente ampliata<\/strong> grazie al parka <strong>\u00d6vik Eco-Shell<\/strong>, impermeabile e traspirante, e al poncho <strong>Lappland Eco-Shell<\/strong>. Gi\u00e0 in occasione di ISPO 2015 la linea Eco-Shell aveva suscitato grande interesse con l&#8217;anorak Keb Eco-Shell, subito premiato con l\u2019ISPO Award. Il prodotto aveva ottenuto particolare risalto anche grazie a un dibattito pubblico sui mezzi d&#8217;informazione, nell\u2019autunno 2015, relativo all\u2019utilizzo di fluorocarburi nocivi da parte di alcune aziende del settore outdoor. Fj\u00e4llr\u00e4ven impiega, per tutti i prodotti della collezione, dagli zaini alla nuova linea di tende (disponibile dall\u2019inizio del 2016) fino all\u2019abbigliamento, esclusivamente trattamenti privi di fluorocarburi, dimostrandosi sempre all\u2019avanguardia. Fj\u00e4llr\u00e4ven assicura inoltre la massima attenzione per quanto riguarda la filiera della piuma, la pi\u00f9 trasparente della categoria. Per l\u2019autunno\/inverno 2016 la collezione si arricchisce di nuove giacche imbottite, realizzate con piuma al 100% tracciabile e ottenuta secondo procedimenti eticamente corretti.<\/p>\n<p>Last but not least: Fj\u00e4llr\u00e4ven presenta <strong>Re-K\u00e5nken<\/strong>. Realizzato con un processo produttivo che ottimizza le risorse e in particolar modo riduce il consumo di acqua (SpinDye\u00ae), Re-K\u00e5nken \u00e8 costituito al 100% da poliestere riciclato per una re-interpretazione ancor pi\u00f9 sostenibile di un classico molto amato, un\u2019icona di stile senza paragone.<\/td>\n<\/tr>\n<tr>\n<td>\n<table style=\"height: 46px\" width=\"763\">\n<tbody>\n<tr>\n<td width=\"100%\"><\/td>\n<\/tr>\n<\/tbody>\n<\/table>\n<\/td>\n<\/tr>\n<tr>\n<td width=\"93%\"><strong><u>Fj\u00e4llr\u00e4ven &#8211; www.fjallraven.com <\/u><\/strong><\/p>\n<p><strong>Fj\u00e4llr\u00e4ven<\/strong> \u00e8 l\u2019azienda svedese leader in Nord Europa nella <strong>produzione e fornitura di capi di abbigliamento, accessori e attrezzature outdoor senza tempo<\/strong>. Caratterizzata da una forte cultura dell\u2019innovazione che dal 1960, anno della sua fondazione, ad oggi ha determinato lo sviluppo di nuove idee rivoluzionarie nel settore, <strong>Fj\u00e4llr\u00e4ven<\/strong> da sempre studia e realizza prodotti funzionali e di lunga durata, agendo responsabilmente nei confronti dell\u2019uomo, degli animali e della natura, con l\u2019intento di ispirare le persone a scoprire e mantenere attivo l\u2019interesse della vita all\u2019aria aperta. Nel corso degli anni l\u2019azienda ha anche dato vita a due celebri eventi oudoor, <strong>Fj\u00e4llr\u00e4ven Classic<\/strong> e <strong>Fj\u00e4llr\u00e4ven Polar<\/strong>, che attraggono ogni anno migliaia di partecipanti.<\/p>\n<p>Con 23 sedi in Europa e le diverse filiali situate tra il Nord America e l\u2019Asia, oggi <strong>Fj\u00e4llr\u00e4ven<\/strong> \u00e8 presente in pi\u00f9 di 30 Paesi nel Mondo, dove conta anche numerosi monomarca in punti strategici come New York, Amsterdam e Oslo.<\/p>\n<p>La gamma dei prodotti <strong>Fj\u00e4llr\u00e4ven<\/strong> comprende <strong>abbigliamento e accessori outdoor per uomo e donna, oltre che zaini, tende e sacchi a pelo.<\/strong><\/p>\n<p>&nbsp;<\/p>\n<p><u>\u00a0<\/u><\/p>\n<p><strong><u>Per ulteriori info: <\/u><\/strong><\/p>\n<p><strong>Ufficio Stampa Italia<\/strong><\/p>\n<p><a href=\"http:\/\/www.bluwom.com\/\">www.bluwom.com<\/a> | Udine \u2013 Milano Tel. 0432 886638<\/p>\n<p>Resp.Ufficio stampa: <strong>Laura Elia <\/strong><a href=\"mailto:ufficiostampa@bluwom.com\">ufficiostampa@bluwom.com<\/a><\/p>\n<p>&nbsp;<\/td>\n<\/tr>\n<\/tbody>\n<\/table>\n","protected":false},"excerpt":{"rendered":"<p>Monaco di Baviera \u2013 A ISPO 2016 l\u2019azienda svedese Fj\u00e4llr\u00e4ven, specializzata nella produzione di abbigliamento e attrezzature outdoor agendo nel pieno rispetto di uomini, animali e natura, ha presentato la prossima stagione invernale 2016\/17 che comprende numerose novit\u00e0 e interessanti innovazioni, a dimostrazione di quanto sia importante per il marchio il tema della sostenibilit\u00e0. Tra [&hellip;]<\/p>\n","protected":false},"author":191,"featured_media":0,"comment_status":"open","ping_status":"open","sticky":false,"template":"","format":"standard","meta":{"footnotes":""},"categories":[5,29,15],"tags":[1859,4509,1905,4510,4508,4507,1906,2700,810,4512,4513,1472,4511],"class_list":["post-5564","post","type-post","status-publish","format-standard","hentry","category-aziendali","category-comunicati","category-sport","tag-blu-wom","tag-eco-shell","tag-fjallraven","tag-fw-2016","tag-ispo","tag-ispo-2016","tag-kanken","tag-monaco","tag-outdoor","tag-parka","tag-piumino","tag-sport","tag-stagione-invernale"],"_links":{"self":[{"href":"https:\/\/www.area-press.eu\/comunicatistampa\/wp-json\/wp\/v2\/posts\/5564","targetHints":{"allow":["GET"]}}],"collection":[{"href":"https:\/\/www.area-press.eu\/comunicatistampa\/wp-json\/wp\/v2\/posts"}],"about":[{"href":"https:\/\/www.area-press.eu\/comunicatistampa\/wp-json\/wp\/v2\/types\/post"}],"author":[{"embeddable":true,"href":"https:\/\/www.area-press.eu\/comunicatistampa\/wp-json\/wp\/v2\/users\/191"}],"replies":[{"embeddable":true,"href":"https:\/\/www.area-press.eu\/comunicatistampa\/wp-json\/wp\/v2\/comments?post=5564"}],"version-history":[{"count":1,"href":"https:\/\/www.area-press.eu\/comunicatistampa\/wp-json\/wp\/v2\/posts\/5564\/revisions"}],"predecessor-version":[{"id":5565,"href":"https:\/\/www.area-press.eu\/comunicatistampa\/wp-json\/wp\/v2\/posts\/5564\/revisions\/5565"}],"wp:attachment":[{"href":"https:\/\/www.area-press.eu\/comunicatistampa\/wp-json\/wp\/v2\/media?parent=5564"}],"wp:term":[{"taxonomy":"category","embeddable":true,"href":"https:\/\/www.area-press.eu\/comunicatistampa\/wp-json\/wp\/v2\/categories?post=5564"},{"taxonomy":"post_tag","embeddable":true,"href":"https:\/\/www.area-press.eu\/comunicatistampa\/wp-json\/wp\/v2\/tags?post=5564"}],"curies":[{"name":"wp","href":"https:\/\/api.w.org\/{rel}","templated":true}]}}