{"id":556,"date":"2015-07-25T09:18:14","date_gmt":"2015-07-25T07:18:14","guid":{"rendered":"http:\/\/www.area-press.eu\/comunicatistampa\/?p=556"},"modified":"2015-07-25T09:18:14","modified_gmt":"2015-07-25T07:18:14","slug":"un-nuovo-arrivo-per-la-marcialonga-running-coop-a-settembre-gran-finale-nel-cuore-di-cavalese","status":"publish","type":"post","link":"https:\/\/www.area-press.eu\/comunicatistampa\/2015\/07\/25\/un-nuovo-arrivo-per-la-marcialonga-running-coop-a-settembre-gran-finale-nel-cuore-di-cavalese\/","title":{"rendered":"UN NUOVO ARRIVO PER LA MARCIALONGA RUNNING COOP A SETTEMBRE, GRAN FINALE NEL CUORE DI CAVALESE"},"content":{"rendered":"<p>Domenica 6 settembre 13.a Marcialonga Running Coop in Trentino<\/p>\n<p>Arrivo spostato sul corso centrale di Cavalese<\/p>\n<p>Percorso leggermente allungato: si passa a 25,7 km<\/p>\n<p>Luned\u00ec a Soraga si elegge la nuova Soreghina<\/p>\n<p>&nbsp;<\/p>\n<p>&nbsp;<\/p>\n<p>Marcialonga continua a raggiungere nuovi traguardi e domenica 6 settembre lo far\u00e0\u2026nel vero senso della parola visto che la Marcialonga Running Coop si concluder\u00e0 nel vialone centrale di Cavalese (TN).<\/p>\n<p>Per celebrare degnamente la 13.a edizione, numero fortunato da quadrifoglio, il Comitato Marcialonga ha deciso di allestire un nuovo arrivo in Via Fratelli Bronzetti, modificando leggermente il finale per regalare ancor pi\u00f9 spettacolo a runners e pubblico. Grazie alla collaborazione con l\u2019amministrazione comunale di Cavalese, infatti, gli ultimi metri di gara cambieranno volto e i concorrenti una volta giunti in Viale Mendini svolteranno a destra per affrontare la breve rampa che immette sul rettilineo d\u2019arrivo di Via Bronzetti. Il percorso risulter\u00e0 quindi allungato di poche centinaia di metri e passer\u00e0 da 25,5 a 25,7 km, ma dal punto di vista tecnico cambier\u00e0 poco visto che il resto del tracciato rimane invariato, con lo start da Moena in Val di Fassa e l\u2019attraversamento della Val di Fiemme lungo la pista ciclabile che costeggia il torrente Avisio prima dell\u2019ascesa finale verso il centro di Cavalese.<\/p>\n<p>I servizi post gara verranno allestiti negli accoglienti spazi del Palafiemme e del Palazzetto dello Sport, a due passi dal traguardo, mentre Piazza Italia ospiter\u00e0 palco e premiazioni. Domenica 6 settembre i primi a transitare sotto il nuovo traguardo saranno i baby podisti della MiniRunning, visto che la gara promozionale per bambini \u2013 in programma alle 10.00 \u2013 avr\u00e0 partenza e arrivo da Via Bronzetti e si snoder\u00e0 su un divertente circuito fra le vie del centro.<\/p>\n<p>La 13.a Marcialonga Running Coop segner\u00e0 anche il debutto ufficiale della nuova Soreghina, che incoroner\u00e0 i vincitori di giornata e accoglier\u00e0 con un sorriso tutti i partecipanti. L\u2019elezione dell\u2019ambasciatrice della Marcialonga, infatti, si terr\u00e0 luned\u00ec 27 luglio alle 21.00 presso la Gran Ciasa di Soraga e al momento sono quattro le candidate fiemmesi e fassane che puntano a diventare la Soreghina numero 15 e prendere il posto della moenese Giulia Pastore, ancora in carica sino a luned\u00ec.<\/p>\n<p>Le iscrizioni alla Marcialonga Running Coop sono in piena corsa e sino a gioved\u00ec 30 luglio resta ancora in vigore la quota agevolata di 25 Euro inclusiva di ricco pacco gara. Per tutte le informazioni basta accedere al sito www.marcialonga.it o seguire le pagine Marcialonga su Facebook, Twitter e Instagram.<\/p>\n","protected":false},"excerpt":{"rendered":"<p>Domenica 6 settembre 13.a Marcialonga Running Coop in Trentino Arrivo spostato sul corso centrale di Cavalese Percorso leggermente allungato: si passa a 25,7 km Luned\u00ec a Soraga si elegge la nuova Soreghina &nbsp; &nbsp; Marcialonga continua a raggiungere nuovi traguardi e domenica 6 settembre lo far\u00e0\u2026nel vero senso della parola visto che la Marcialonga Running [&hellip;]<\/p>\n","protected":false},"author":15,"featured_media":0,"comment_status":"open","ping_status":"open","sticky":false,"template":"","format":"standard","meta":{"footnotes":""},"categories":[15],"tags":[],"class_list":["post-556","post","type-post","status-publish","format-standard","hentry","category-sport"],"_links":{"self":[{"href":"https:\/\/www.area-press.eu\/comunicatistampa\/wp-json\/wp\/v2\/posts\/556","targetHints":{"allow":["GET"]}}],"collection":[{"href":"https:\/\/www.area-press.eu\/comunicatistampa\/wp-json\/wp\/v2\/posts"}],"about":[{"href":"https:\/\/www.area-press.eu\/comunicatistampa\/wp-json\/wp\/v2\/types\/post"}],"author":[{"embeddable":true,"href":"https:\/\/www.area-press.eu\/comunicatistampa\/wp-json\/wp\/v2\/users\/15"}],"replies":[{"embeddable":true,"href":"https:\/\/www.area-press.eu\/comunicatistampa\/wp-json\/wp\/v2\/comments?post=556"}],"version-history":[{"count":1,"href":"https:\/\/www.area-press.eu\/comunicatistampa\/wp-json\/wp\/v2\/posts\/556\/revisions"}],"predecessor-version":[{"id":557,"href":"https:\/\/www.area-press.eu\/comunicatistampa\/wp-json\/wp\/v2\/posts\/556\/revisions\/557"}],"wp:attachment":[{"href":"https:\/\/www.area-press.eu\/comunicatistampa\/wp-json\/wp\/v2\/media?parent=556"}],"wp:term":[{"taxonomy":"category","embeddable":true,"href":"https:\/\/www.area-press.eu\/comunicatistampa\/wp-json\/wp\/v2\/categories?post=556"},{"taxonomy":"post_tag","embeddable":true,"href":"https:\/\/www.area-press.eu\/comunicatistampa\/wp-json\/wp\/v2\/tags?post=556"}],"curies":[{"name":"wp","href":"https:\/\/api.w.org\/{rel}","templated":true}]}}