{"id":554,"date":"2015-07-25T09:18:14","date_gmt":"2015-07-25T07:18:14","guid":{"rendered":"http:\/\/www.area-press.eu\/comunicatistampa\/?p=554"},"modified":"2015-07-25T09:18:14","modified_gmt":"2015-07-25T07:18:14","slug":"manutenzione-ascensori-e-aumenti-bloccati-per-il-2015","status":"publish","type":"post","link":"https:\/\/www.area-press.eu\/comunicatistampa\/2015\/07\/25\/manutenzione-ascensori-e-aumenti-bloccati-per-il-2015\/","title":{"rendered":"Manutenzione ascensori e aumenti bloccati per il 2015"},"content":{"rendered":"<p class=\"p1\"><span class=\"s1\">L\u2019Associazione Nazionale Imprese di Costruzione e Manutenzione Ascensori (ANACAM) \u00e8 intervenuta determinando un indice ponderato per circoscrivere gli aumenti legati all\u2019inflazione rispetto ai <strong>costi collegati all&#8217;assistenza degli impianti elevatori<\/strong>. Per calcolare l\u2019importo idoneo si prendono in considerazione anche gli indici Istat per elaborare i prezzi dei servizi e stabilire una quantificazione equa delle prestazioni.<\/span><\/p>\n<p class=\"p1\"><span class=\"s1\">L\u2019<strong>ANACAM<\/strong> ha calcolato che oggi le <strong>aziende ascensoristiche<\/strong> potrebbero aumentare i prezzi dei loro servizi di circa il 1,5% in pi\u00f9, questa infatti \u00e8 la quantificazione dell&#8217;aumento su base annua che si \u00e8 manifestata sui prezzi rilevati. L\u2019<strong>aggiornamento dei listini<\/strong> \u00e8 un&#8217;operazione che tutte le aziende di tutti settori effettuano costantemente: si differenzia Everest, <b><a href=\"http:\/\/www.everestsrl.it\/prodotti\/ascensori-privati\/\">l&#8217;azienda che si occupa di manutenzione di ascensori a Milano<\/a><\/b> e che ha deciso di non applicare alcun aumento alle sue tariffe per tutto il 2015 per andare incontro alle esigenze dei clienti.<\/span><\/p>\n<p class=\"p1\"><span class=\"s1\">Lo staff della ditta ritiene che questo sia un modo intelligente per continuare a fornire un servizio di alta qualit\u00e0 <strong>senza per\u00f2 caricare dal punto di vista economico il cliente<\/strong> che vuole provvedere alla manutenzione del proprio impianto ma desidera anche risparmiare. Everest si occupa della <strong>manutenzione degli impianti del trasporto verticale<\/strong> al fine di prevenire o evitare il pi\u00f9 possibile malfunzionamenti e guasti.<\/span><\/p>\n","protected":false},"excerpt":{"rendered":"<p>L\u2019Associazione Nazionale Imprese di Costruzione e Manutenzione Ascensori (ANACAM) \u00e8 intervenuta determinando un indice ponderato per circoscrivere gli aumenti legati all\u2019inflazione rispetto ai costi collegati all&#8217;assistenza degli impianti elevatori. Per calcolare l\u2019importo idoneo si prendono in considerazione anche gli indici Istat per elaborare i prezzi dei servizi e stabilire una quantificazione equa delle prestazioni. L\u2019ANACAM [&hellip;]<\/p>\n","protected":false},"author":18,"featured_media":0,"comment_status":"open","ping_status":"open","sticky":false,"template":"","format":"standard","meta":{"footnotes":""},"categories":[5],"tags":[698],"class_list":["post-554","post","type-post","status-publish","format-standard","hentry","category-aziendali","tag-manutenzione-ascensori-milano"],"_links":{"self":[{"href":"https:\/\/www.area-press.eu\/comunicatistampa\/wp-json\/wp\/v2\/posts\/554","targetHints":{"allow":["GET"]}}],"collection":[{"href":"https:\/\/www.area-press.eu\/comunicatistampa\/wp-json\/wp\/v2\/posts"}],"about":[{"href":"https:\/\/www.area-press.eu\/comunicatistampa\/wp-json\/wp\/v2\/types\/post"}],"author":[{"embeddable":true,"href":"https:\/\/www.area-press.eu\/comunicatistampa\/wp-json\/wp\/v2\/users\/18"}],"replies":[{"embeddable":true,"href":"https:\/\/www.area-press.eu\/comunicatistampa\/wp-json\/wp\/v2\/comments?post=554"}],"version-history":[{"count":1,"href":"https:\/\/www.area-press.eu\/comunicatistampa\/wp-json\/wp\/v2\/posts\/554\/revisions"}],"predecessor-version":[{"id":555,"href":"https:\/\/www.area-press.eu\/comunicatistampa\/wp-json\/wp\/v2\/posts\/554\/revisions\/555"}],"wp:attachment":[{"href":"https:\/\/www.area-press.eu\/comunicatistampa\/wp-json\/wp\/v2\/media?parent=554"}],"wp:term":[{"taxonomy":"category","embeddable":true,"href":"https:\/\/www.area-press.eu\/comunicatistampa\/wp-json\/wp\/v2\/categories?post=554"},{"taxonomy":"post_tag","embeddable":true,"href":"https:\/\/www.area-press.eu\/comunicatistampa\/wp-json\/wp\/v2\/tags?post=554"}],"curies":[{"name":"wp","href":"https:\/\/api.w.org\/{rel}","templated":true}]}}