{"id":55381,"date":"2020-12-17T17:17:58","date_gmt":"2020-12-17T16:17:58","guid":{"rendered":"https:\/\/www.area-press.eu\/comunicatistampa\/?p=55381"},"modified":"2020-12-17T17:17:58","modified_gmt":"2020-12-17T16:17:58","slug":"all-toys-for-good-gli-sportivi-donano-via-social-giocattoli-ai-bimbi-malati","status":"publish","type":"post","link":"https:\/\/www.area-press.eu\/comunicatistampa\/2020\/12\/17\/all-toys-for-good-gli-sportivi-donano-via-social-giocattoli-ai-bimbi-malati\/","title":{"rendered":"All Toys for Good, gli sportivi donano (via social) giocattoli ai bimbi malati"},"content":{"rendered":"<div><i>Iniziativa natalizia di All Stars for Good, la start up che ha messo in vendita la maglia di Ronaldo. Giovinco, Iori, Alfonso e Ballan avvieranno su Facebook e Instagram una raccolta di fondi per Vicenza for Children: il ricavato finir\u00e0 nell\u2019acquisto dei giocattoli chiesti a Babbo Natale dai piccoli pazienti di oncologia<\/i><\/div>\n<div>\n<\/div>\n<div>All Stars For Good, la start up benefica che ha recentemente messo in vendita le maglie di Buffon e Chiellini, lancia una iniziativa natalizia. Il progetto \u00e8 stato battezzato \u201cAll Toys for Good\u201d e unisce i campioni dello sport ai bambini ricoverati nei reparti oncologici. L\u2019idea \u00e8 quella di lanciare una raccolta fondi tramite i social network degli sportivi che aderiscono. I soldi raccolti saranno poi destinati a Vicenza for Children con l\u2019obiettivo di far tornare il sorriso ai bambini ammalati. Tutti hanno scritto una letterina a Babbo Natale, i volontari di Vicenza For Children porteranno loro i regali chiesti direttamente a casa.<\/div>\n<div><\/div>\n<div>I primi a scendere in campo sono stati l\u2019ex portiere del Brescia e attuale portiere della Cremonese, Enrico Alfonso, ma anche Manuel Iori, capitano del Cittadella, e Giuseppe Giovinco, fratello di Sebastian che oggi gioca col Renate. Si mobilita anche il mondo del ciclismo con Alessandro Ballan, trevigiano iridato. La campagna sulle loro fan page di Facebook e Instagram inizia in questi giorni, \u00e8 possibile aderire all\u2019iniziativa con donazioni minime di pochi euro, tutte le informazioni su\u00a0<a href=\"http:\/\/www.allstarsforgood.com\/\" target=\"_blank\" rel=\"noopener\" data-saferedirecturl=\"https:\/\/www.google.com\/url?q=http:\/\/www.allstarsforgood.com\/&amp;source=gmail&amp;ust=1608287412059000&amp;usg=AFQjCNEy8m_VBI8J2I7eLLDeJs7wTCCl1w\">www.allstarsforgood.com<\/a>.<\/div>\n<div><\/div>\n<div>Si chiude cos\u00ec un anno dedicato alla solidariet\u00e0 per All Stars For Good, start up benefica fondata in Veneto che ospita calciatori, pallavolisti e campioni sportivi di ogni disciplina mettendoli in relazione coi loro fan grazie alla solidariet\u00e0. Il meccanismo \u00e8 semplice: il campione mette a disposizione un\u2019esperienza o una maglia. Il ricavato viene devoluto in beneficenza ad un\u2019associazione scelta o dal campione stesso oppure dall\u2019utente che si aggiudica la maglia. Tra le altre realt\u00e0 a cui sono destinate i fondi, gli ospedali di Cittadella, nel Padovano, di Vicenza, di Cosenza e di Brescia, ma anche fondazioni, come quella per la Ricerca sulla Fibrosi Cistica. Il progetto ha raggiunto in questi mesi una dimensione internazionale: dalla maglia numero 10 di Federico Dionisi del Frosinone, consegnata in Irlanda, alla maglia di Alessandro Ballan, indossata nel podio delle Fiandre per l\u2019incoronazione a campione del mondo, recapitata in Lussemburgo. Da segnalare, nel corso del 2020, anche la cena solidale \u201cDinner for Love\u201d nella quale sono state messe in vendita, tra le altre, le maglie delle leggende della Juve Buffon, Ronaldo e Chiellini, ma anche le scarpe di Balotelli e, molto ambita in zona, la maglia di Tonali che ha appena lasciato il Brescia per andare al Milan.<\/div>\n<div><\/div>\n<div>A sostenere la promozione della start up c\u2019\u00e8 Velvet Sport, spin off della holding veneta della comunicazione Velvet Media. Velvet Sport, guidata dal professionista nelle pubbliche relazioni Fabio Volpato, \u00e8 realt\u00e0 leader nel Triveneto nel marketing sportivo. Partner delle pi\u00f9 blasonate squadre di Serie A, tra cui il Brescia Calcio, Bologna e Udinese, lo spin off si basa su un database di oltre 300 atleti, offrendo la possibilit\u00e0 di entrare in contatto con i grandi campioni del presente e del passato, rendendoli portavoce dei propri valori aziendali.<\/div>\n<div><\/div>\n","protected":false},"excerpt":{"rendered":"<p>Iniziativa natalizia di All Stars for Good, la start up che ha messo in vendita la maglia di Ronaldo. Giovinco, Iori, Alfonso e Ballan avvieranno su Facebook e Instagram una raccolta di fondi per Vicenza for Children: il ricavato finir\u00e0 nell\u2019acquisto dei giocattoli chiesti a Babbo Natale dai piccoli pazienti di oncologia All Stars For [&hellip;]<\/p>\n","protected":false},"author":5200,"featured_media":0,"comment_status":"open","ping_status":"open","sticky":false,"template":"","format":"standard","meta":{"footnotes":""},"categories":[4,8,19188],"tags":[],"class_list":["post-55381","post","type-post","status-publish","format-standard","hentry","category-attualita-e-societa","category-eventi","category-volontariato-e-societa"],"_links":{"self":[{"href":"https:\/\/www.area-press.eu\/comunicatistampa\/wp-json\/wp\/v2\/posts\/55381","targetHints":{"allow":["GET"]}}],"collection":[{"href":"https:\/\/www.area-press.eu\/comunicatistampa\/wp-json\/wp\/v2\/posts"}],"about":[{"href":"https:\/\/www.area-press.eu\/comunicatistampa\/wp-json\/wp\/v2\/types\/post"}],"author":[{"embeddable":true,"href":"https:\/\/www.area-press.eu\/comunicatistampa\/wp-json\/wp\/v2\/users\/5200"}],"replies":[{"embeddable":true,"href":"https:\/\/www.area-press.eu\/comunicatistampa\/wp-json\/wp\/v2\/comments?post=55381"}],"version-history":[{"count":1,"href":"https:\/\/www.area-press.eu\/comunicatistampa\/wp-json\/wp\/v2\/posts\/55381\/revisions"}],"predecessor-version":[{"id":55382,"href":"https:\/\/www.area-press.eu\/comunicatistampa\/wp-json\/wp\/v2\/posts\/55381\/revisions\/55382"}],"wp:attachment":[{"href":"https:\/\/www.area-press.eu\/comunicatistampa\/wp-json\/wp\/v2\/media?parent=55381"}],"wp:term":[{"taxonomy":"category","embeddable":true,"href":"https:\/\/www.area-press.eu\/comunicatistampa\/wp-json\/wp\/v2\/categories?post=55381"},{"taxonomy":"post_tag","embeddable":true,"href":"https:\/\/www.area-press.eu\/comunicatistampa\/wp-json\/wp\/v2\/tags?post=55381"}],"curies":[{"name":"wp","href":"https:\/\/api.w.org\/{rel}","templated":true}]}}