{"id":55378,"date":"2020-12-17T10:14:19","date_gmt":"2020-12-17T09:14:19","guid":{"rendered":"https:\/\/www.area-press.eu\/comunicatistampa\/?p=55378"},"modified":"2021-01-12T23:55:10","modified_gmt":"2021-01-12T22:55:10","slug":"diana-noi-due","status":"publish","type":"post","link":"https:\/\/www.area-press.eu\/comunicatistampa\/2020\/12\/17\/diana-noi-due\/","title":{"rendered":"Diana, Noi Due"},"content":{"rendered":"<p style=\"text-align: center\"><strong><i>in promozione il singolo dell\u2019artista\u00a0<\/i><\/strong><\/p>\n<p><img loading=\"lazy\" decoding=\"async\" class=\"aligncenter\" src=\"https:\/\/diffusionimusicali.altervista.org\/wp-content\/uploads\/2020\/12\/Cover-Diana.jpg\" width=\"425\" height=\"425\" \/><\/p>\n<p>A volte l\u2019amore deve superare prove incredibili. Ma se \u00e8 vero amore resiste e addirittura ogni ostacolo lo alimenta.<br \/>\nNoi due \u00e8 proprio questo: la storia di un amore che resiste agli inverni della vita, che ha radici profonde che nessun uragano potr\u00e0 recidere.<br \/>\nIl trucco \u00e8 semplice: non arrendersi e affrontare insieme le notti buie, abbracciati in attesa delle luci dell\u2019alba.<\/p>\n<p>Diana Moretti, in arte semplicemente Diana, nasce a Rimini nel 1985. Fortemente influenzata dagli ascolti della musica d&#8217;oltreoceano delle grandi cantautrici internazionali, inizia a prendere lezioni di canto lirico all&#8217;et\u00e0 di 16 anni . Nel 2008 si laurea in Comunicazione pubblicitaria presso la facolt\u00e0 di Sociologia di Urbino, perfezionando la tesi con un periodo di studi alla Facolt\u00e0 di Sociologia della Sorbona di Parigi. A 24 anni consegue un Master in comunicazione musicale per la discografia e i media all&#8217;universit\u00e0 Cattolica del Sacro Cuore con una tesi sull&#8217;analisi del rapporto tra femminismo e musica\u00a0 intitolata &#8220;Il rock che liber\u00f2 le donne&#8221; .<\/p>\n<p>Dopo una prima immersione professionale nel mondo del music business , ritorna nella sua Rimini lavorando per gli eventi e i concerti dello storico locale Velvet Club .<br \/>\nPer 10 anni intraprende alcuni progetti con musicisti della zona per esibizioni live, interpretando i generi dall&#8217; hard rock al trip hop. Nel 2012 si trasferisce per un breve periodo di lavoro a Sydney in Australia , il primo di una lunga serie di viaggi all&#8217;estero, per una costante ricerca di ispirazione culturale.\u00a0 Dal 2017 studia Canto Jazz sotto la guida della vocal coach sammarinese Sara Jane Ghiotti.<\/p>\n<p>Diana entra in PF Music nel 2020 portando in dote le mille sfumature della sua voce. Oggi \u00e8 impegnata, assieme al suo gruppo di lavoro, nella preparazione di un CD che metter\u00e0 in mostra tutte le sue anime musicali.<\/p>\n<p><img loading=\"lazy\" decoding=\"async\" class=\"aligncenter\" src=\"https:\/\/diffusionimusicali.altervista.org\/wp-content\/uploads\/2020\/12\/Diana-Foto.jpg\" width=\"656\" height=\"437\" \/><\/p>\n<p>Facebook<br \/>\n<a href=\"https:\/\/www.facebook.com\/diana.moretti3\">https:\/\/www.facebook.com\/diana.moretti3<\/a><br \/>\nInstagram<br \/>\n<a href=\"https:\/\/www.instagram.com\/p\/CIAzXtQloxb\/?igshid=16w5rs0rlr3bb\">https:\/\/www.instagram.com\/p\/CIAzXtQloxb\/?igshid=16w5rs0rlr3bb<\/a><\/p>\n","protected":false},"excerpt":{"rendered":"<p>in promozione il singolo dell\u2019artista\u00a0 A volte l\u2019amore deve superare prove incredibili. Ma se \u00e8 vero amore resiste e addirittura ogni ostacolo lo alimenta. Noi due \u00e8 proprio questo: la storia di un amore che resiste agli inverni della vita, che ha radici profonde che nessun uragano potr\u00e0 recidere. Il trucco \u00e8 semplice: non arrendersi [&hellip;]<\/p>\n","protected":false},"author":331,"featured_media":0,"comment_status":"open","ping_status":"open","sticky":false,"template":"","format":"standard","meta":{"footnotes":""},"categories":[12],"tags":[28713,28714,2365],"class_list":["post-55378","post","type-post","status-publish","format-standard","hentry","category-musica","tag-diana","tag-noi-due","tag-singolo"],"_links":{"self":[{"href":"https:\/\/www.area-press.eu\/comunicatistampa\/wp-json\/wp\/v2\/posts\/55378","targetHints":{"allow":["GET"]}}],"collection":[{"href":"https:\/\/www.area-press.eu\/comunicatistampa\/wp-json\/wp\/v2\/posts"}],"about":[{"href":"https:\/\/www.area-press.eu\/comunicatistampa\/wp-json\/wp\/v2\/types\/post"}],"author":[{"embeddable":true,"href":"https:\/\/www.area-press.eu\/comunicatistampa\/wp-json\/wp\/v2\/users\/331"}],"replies":[{"embeddable":true,"href":"https:\/\/www.area-press.eu\/comunicatistampa\/wp-json\/wp\/v2\/comments?post=55378"}],"version-history":[{"count":1,"href":"https:\/\/www.area-press.eu\/comunicatistampa\/wp-json\/wp\/v2\/posts\/55378\/revisions"}],"predecessor-version":[{"id":55379,"href":"https:\/\/www.area-press.eu\/comunicatistampa\/wp-json\/wp\/v2\/posts\/55378\/revisions\/55379"}],"wp:attachment":[{"href":"https:\/\/www.area-press.eu\/comunicatistampa\/wp-json\/wp\/v2\/media?parent=55378"}],"wp:term":[{"taxonomy":"category","embeddable":true,"href":"https:\/\/www.area-press.eu\/comunicatistampa\/wp-json\/wp\/v2\/categories?post=55378"},{"taxonomy":"post_tag","embeddable":true,"href":"https:\/\/www.area-press.eu\/comunicatistampa\/wp-json\/wp\/v2\/tags?post=55378"}],"curies":[{"name":"wp","href":"https:\/\/api.w.org\/{rel}","templated":true}]}}