{"id":55359,"date":"2020-12-16T11:21:46","date_gmt":"2020-12-16T10:21:46","guid":{"rendered":"https:\/\/www.area-press.eu\/comunicatistampa\/?p=55359"},"modified":"2021-01-12T23:55:24","modified_gmt":"2021-01-12T22:55:24","slug":"g-fra-ogni-sera-e-il-secondo-singolo-da-autore-e-compositore-dello-scrittore-lussemburghese-dadozione","status":"publish","type":"post","link":"https:\/\/www.area-press.eu\/comunicatistampa\/2020\/12\/16\/g-fra-ogni-sera-e-il-secondo-singolo-da-autore-e-compositore-dello-scrittore-lussemburghese-dadozione\/","title":{"rendered":"G-Fra \u201cOgni sera\u201d \u00e8 il secondo singolo da autore e compositore dello scrittore lussemburghese d\u2019adozione"},"content":{"rendered":"<p><i><span style=\"font-weight: 400\">Il brano registrato all\u2019Head Studios di Torino racconta in chiave pop moderna l\u2019amore in tutte le sue mille sfumature.<\/span><\/i><\/p>\n<p><img loading=\"lazy\" decoding=\"async\" class=\"alignnone size-medium aligncenter\" src=\"https:\/\/www.earone.it\/newsimages\/gfra_ogni_sera_cover.jpg___th_320_0.jpg\" width=\"232\" height=\"232\" \/><\/p>\n<p><b>\u201cOgni sera\u201d<\/b><span style=\"font-weight: 400\"> \u00e8 un brano realizzato nella scrittura e nella composizione da <\/span><b>G-Fra<\/b><span style=\"font-weight: 400\">, e registrato <\/span><b>all\u2019Head Studios di Torino, <\/b><span style=\"font-weight: 400\">con il contributo canoro di interpreti dello studio stesso.<\/span><b>\u00a0\u00a0\u00a0\u00a0\u00a0\u00a0<\/b><\/p>\n<p><span style=\"font-weight: 400\">Dopo il singolo d\u2019esordio \u201cAndiamo avanti\u201d, lo scrittore e compositore presenta un pezzo che parla del sentimento pi\u00f9 naturale, ma anche pi\u00f9 complicato che l\u2019uomo possa provare: <\/span><b>l\u2019amore.<\/b><span style=\"font-weight: 400\"> Il sentimento viene musicato in chiave<\/span><b> pop<\/b> <b>moderna <\/b><span style=\"font-weight: 400\">e raccontato in tutte le sue variabili, da quelle pi\u00f9 piacevoli riferite alla nascita di un\u2019emozione, a quelle pi\u00f9 scure legate all\u2019abbandono.<\/span><\/p>\n<p><iframe loading=\"lazy\" title=\"G-FRA - Ogni Sera (Official Music Video)\" width=\"500\" height=\"281\" src=\"https:\/\/www.youtube.com\/embed\/-JEM9Ja2ABA?feature=oembed\" frameborder=\"0\" allow=\"accelerometer; autoplay; clipboard-write; encrypted-media; gyroscope; picture-in-picture; web-share\" referrerpolicy=\"strict-origin-when-cross-origin\" allowfullscreen><\/iframe><\/p>\n<p>&nbsp;<\/p>\n<p><b>Autoproduzione<\/b><\/p>\n<p>&nbsp;<\/p>\n<p><b>BIO<\/b><\/p>\n<p><span style=\"font-weight: 400\">Gregoire Fratacci,<\/span> <span style=\"font-weight: 400\">in arte<\/span><b> G-FRA,<\/b><span style=\"font-weight: 400\"> vive a Lussemburgo, ma nasce a Monaco ed ha origini familiari italiane. Eclettico ed effervescente scrittore autodidatta, \u00e8 affamato di scoperte e conoscenza. L\u2019autore intraprende studi classici e commerciali che gli valgono una brillante carriera nel settore della finanza. Ma \u00e8 il mondo delle arti (in particolare la canzone e la scrittura) ad attirarlo da sempre. Epicureo convinto, lo scrittore si diverte a giocare con la musicalit\u00e0 delle parole; <\/span><b>l\u2019amore, l\u2019eros e lo humour<\/b><span style=\"font-weight: 400\"> sono i suoi temi preferiti. G-FRA si dedica a degli esperimenti letterari che condivide con il musicista e compositore <\/span><b>Fabrizio Peco<\/b><span style=\"font-weight: 400\">. L\u2019autore prende nel tempo sempre pi\u00f9 coscienza del gusto che prova a scrivere. Fabrizio Peco lo invita allora a realizzare uno dei suoi pi\u00f9 grandi sogni: comporre dei testi di sua propria mano, sviluppare la sua creativit\u00e0 diventando autore.\u00a0<\/span><\/p>\n<p><span style=\"font-weight: 400\">Nel 2017 Fratacci scrive <\/span><b>Sensual\u2019\u00c9t\u00e9<\/b><span style=\"font-weight: 400\">, una raccolta di racconti erotici in versi che trasportano il lettore nell\u2019universo personale dello scrittore, fatto d\u2019amore per la vita, viaggi sorprendenti e incontri inaspettati.\u00a0<\/span><\/p>\n<p><span style=\"font-weight: 400\">Il singolo che sancisce l\u2019esordio musicale da autore e compositore \u00e8 <\/span><b>\u201cAndiamo avanti\u201d. <\/b><span style=\"font-weight: 400\">Pubblicato a giugno 2020, il pezzo raggiunge in pochi giorni la 18esima posizione nella classifica Pop Italia e la 47esima nella Top Singoli Italia di iTunes.<\/span><\/p>\n<p><span style=\"font-weight: 400\">A dicembre 2020 viene pubblicato il secondo singolo da autore e compositore <\/span><b>\u201cOgni sera\u201d.<\/b><\/p>\n<p><span style=\"font-weight: 400\">\u00a0<\/span><\/p>\n<p><b>Contati e social<\/b><\/p>\n<p><b>SITO<\/b> <a href=\"https:\/\/www.gregoirefratacci.com\"><b>https:\/\/www.gregoirefratacci.com<\/b><\/a><\/p>\n<p><b>IG<\/b> <b>\u00a0<\/b><a href=\"https:\/\/www.instagram.com\/g_fra_1\/\"><b>https:\/\/www.instagram.com\/g_fra_1\/<\/b><\/a><\/p>\n<p><b>FB <\/b><b>\u00a0<\/b><a href=\"https:\/\/www.facebook.com\/G-FRA-103309024748910\"><b>https:\/\/www.facebook.com\/G-FRA-103309024748910<\/b><\/a><\/p>\n<p><b>SPOTIFY<\/b><b>\u00a0<\/b><b>https:\/\/open.spotify.com\/artist\/7LdCsy7Sw3iEbQj9KxcfB5?si=-IfChQBgQReMFp-zVjKdPg<\/b><\/p>\n<p><b>CANALE YOUTUBE<\/b><b>\u00a0<\/b><b>https:\/\/www.youtube.com\/channel\/UCrDQgk7yvgHmbeE2-z9Evhg<\/b><\/p>\n","protected":false},"excerpt":{"rendered":"<p>Il brano registrato all\u2019Head Studios di Torino racconta in chiave pop moderna l\u2019amore in tutte le sue mille sfumature. \u201cOgni sera\u201d \u00e8 un brano realizzato nella scrittura e nella composizione da G-Fra, e registrato all\u2019Head Studios di Torino, con il contributo canoro di interpreti dello studio stesso.\u00a0\u00a0\u00a0\u00a0\u00a0\u00a0 Dopo il singolo d\u2019esordio \u201cAndiamo avanti\u201d, lo scrittore [&hellip;]<\/p>\n","protected":false},"author":4383,"featured_media":0,"comment_status":"open","ping_status":"open","sticky":false,"template":"","format":"standard","meta":{"footnotes":""},"categories":[12],"tags":[4244,28712,690,5038,3583],"class_list":["post-55359","post","type-post","status-publish","format-standard","hentry","category-musica","tag-cantautorato","tag-g-fra","tag-nuovo-singolo","tag-pop","tag-video"],"_links":{"self":[{"href":"https:\/\/www.area-press.eu\/comunicatistampa\/wp-json\/wp\/v2\/posts\/55359","targetHints":{"allow":["GET"]}}],"collection":[{"href":"https:\/\/www.area-press.eu\/comunicatistampa\/wp-json\/wp\/v2\/posts"}],"about":[{"href":"https:\/\/www.area-press.eu\/comunicatistampa\/wp-json\/wp\/v2\/types\/post"}],"author":[{"embeddable":true,"href":"https:\/\/www.area-press.eu\/comunicatistampa\/wp-json\/wp\/v2\/users\/4383"}],"replies":[{"embeddable":true,"href":"https:\/\/www.area-press.eu\/comunicatistampa\/wp-json\/wp\/v2\/comments?post=55359"}],"version-history":[{"count":1,"href":"https:\/\/www.area-press.eu\/comunicatistampa\/wp-json\/wp\/v2\/posts\/55359\/revisions"}],"predecessor-version":[{"id":55361,"href":"https:\/\/www.area-press.eu\/comunicatistampa\/wp-json\/wp\/v2\/posts\/55359\/revisions\/55361"}],"wp:attachment":[{"href":"https:\/\/www.area-press.eu\/comunicatistampa\/wp-json\/wp\/v2\/media?parent=55359"}],"wp:term":[{"taxonomy":"category","embeddable":true,"href":"https:\/\/www.area-press.eu\/comunicatistampa\/wp-json\/wp\/v2\/categories?post=55359"},{"taxonomy":"post_tag","embeddable":true,"href":"https:\/\/www.area-press.eu\/comunicatistampa\/wp-json\/wp\/v2\/tags?post=55359"}],"curies":[{"name":"wp","href":"https:\/\/api.w.org\/{rel}","templated":true}]}}