{"id":55348,"date":"2020-12-16T00:48:14","date_gmt":"2020-12-15T23:48:14","guid":{"rendered":"https:\/\/www.area-press.eu\/comunicatistampa\/?p=55348"},"modified":"2020-12-16T00:48:14","modified_gmt":"2020-12-15T23:48:14","slug":"matrimonio-natalizio-a-villa-marta-by-tessitorericevimenti-it-villa-ricevimenti-roma","status":"publish","type":"post","link":"https:\/\/www.area-press.eu\/comunicatistampa\/2020\/12\/16\/matrimonio-natalizio-a-villa-marta-by-tessitorericevimenti-it-villa-ricevimenti-roma\/","title":{"rendered":"Matrimonio natalizio a Villa Marta by TessitoreRicevimenti.it (villa ricevimenti Roma)"},"content":{"rendered":"<p>Dicembre \u00e8 arrivato, non sentite anche voi il profumo dei biscotti fatti in casa e il dolce suono delle campanelle che ci portano al Din Don Dan del Natale?!<\/p>\n<p>Non so voi ma a me il Natale \u00e8 sempre piaciuto e sin da bambina mi sono detta chiaramente che il mio matrimonio sarebbe stato a tema Natalizio.<\/p>\n<p>Villa Marta \u00e8 senza alcun dubbio la Location perfetta grazie al grandissimo salone interno di 280 mq che pu\u00f2 ospitare fino a 250 persone comode.<\/p>\n<p>Il giardino e il bordo piscina saranno totalmente addobbati ed illuminati con luci bianche e colorate, un grande albero esterno ed interno completeranno l\u2019atmosfera del Natale.<\/p>\n<p>Il tovagliato potr\u00e0 che essere bianco con un richiamo al rosso intorno al tavolo o con un fiocco sul tovagliolo, oppure una tovaglia interamente rossa con tanto di tovagliolo avente il medesimo colore!<\/p>\n<p>L\u2019angolo della confettata \u00e8 un elemento al quale non si pu\u00f2 di certo rinunciare e visto il tema ci si pu\u00f2 giocare mettendo uno sfondo personalizzato con ad esempio una vostra foto durante il periodo Natalizio e sicuramente alzatine, specchi, candele e un tocco di neve finta renderanno il tutto Unico e Magico!<\/p>\n<p>Per le bomboniere la scelta \u00e8 vasta\u2026 Ci sono diversi gadget che si possono regalare come ad esempio delle palline da appendere al proprio albero o dei simpaticissimi gnomi ferma-porta.<\/p>\n<p>Per i segnaposto invece io opterei per delle campanelle o dei mini cappelli del mitico Babbo Natale&#8230; Per il resto lasciatevi trascinare dalla magia del Natale e dall\u2019esperienza del Sig. Tessitore il quale sapr\u00e0 consigliarvi per rendere unico e speciale il vostro Matrimonio.<\/p>\n<p>Vi coccoleremo in tutto, dalla cucina (Interna della quale dispone la location) agli allestimenti, dalla musica per ballare ai numerosi spettacoli al taglio torta (Spettacolo Laser\/Fontane luminose\/Lancio dei palloncini a led&#8230;).<\/p>\n<p>Cosa state aspettando?! Affrettatevi a contattare i seguenti numeri per richiedere maggiori informazioni e approfondimenti.<\/p>\n<p>Tel. Ufficio: 06 50 93 45 14<br \/>\nTel. Sig. Tessitore: 338 68 42 903<br \/>\n<a href=\"http:\/\/www.tessitorericevimenti.it\">http:\/\/www.tessitorericevimenti.it<\/a><\/p>\n","protected":false},"excerpt":{"rendered":"<p>Dicembre \u00e8 arrivato, non sentite anche voi il profumo dei biscotti fatti in casa e il dolce suono delle campanelle che ci portano al Din Don Dan del Natale?! Non so voi ma a me il Natale \u00e8 sempre piaciuto e sin da bambina mi sono detta chiaramente che il mio matrimonio sarebbe stato a [&hellip;]<\/p>\n","protected":false},"author":4887,"featured_media":0,"comment_status":"open","ping_status":"open","sticky":false,"template":"","format":"standard","meta":{"footnotes":""},"categories":[5,8],"tags":[8881,1111,17155],"class_list":["post-55348","post","type-post","status-publish","format-standard","hentry","category-aziendali","category-eventi","tag-villa-matrimonio-roma","tag-villa-ricevimenti","tag-villa-ricevimenti-roma"],"_links":{"self":[{"href":"https:\/\/www.area-press.eu\/comunicatistampa\/wp-json\/wp\/v2\/posts\/55348","targetHints":{"allow":["GET"]}}],"collection":[{"href":"https:\/\/www.area-press.eu\/comunicatistampa\/wp-json\/wp\/v2\/posts"}],"about":[{"href":"https:\/\/www.area-press.eu\/comunicatistampa\/wp-json\/wp\/v2\/types\/post"}],"author":[{"embeddable":true,"href":"https:\/\/www.area-press.eu\/comunicatistampa\/wp-json\/wp\/v2\/users\/4887"}],"replies":[{"embeddable":true,"href":"https:\/\/www.area-press.eu\/comunicatistampa\/wp-json\/wp\/v2\/comments?post=55348"}],"version-history":[{"count":1,"href":"https:\/\/www.area-press.eu\/comunicatistampa\/wp-json\/wp\/v2\/posts\/55348\/revisions"}],"predecessor-version":[{"id":55349,"href":"https:\/\/www.area-press.eu\/comunicatistampa\/wp-json\/wp\/v2\/posts\/55348\/revisions\/55349"}],"wp:attachment":[{"href":"https:\/\/www.area-press.eu\/comunicatistampa\/wp-json\/wp\/v2\/media?parent=55348"}],"wp:term":[{"taxonomy":"category","embeddable":true,"href":"https:\/\/www.area-press.eu\/comunicatistampa\/wp-json\/wp\/v2\/categories?post=55348"},{"taxonomy":"post_tag","embeddable":true,"href":"https:\/\/www.area-press.eu\/comunicatistampa\/wp-json\/wp\/v2\/tags?post=55348"}],"curies":[{"name":"wp","href":"https:\/\/api.w.org\/{rel}","templated":true}]}}