{"id":55305,"date":"2020-12-14T10:51:24","date_gmt":"2020-12-14T09:51:24","guid":{"rendered":"https:\/\/www.area-press.eu\/comunicatistampa\/?p=55305"},"modified":"2020-12-17T17:09:44","modified_gmt":"2020-12-17T16:09:44","slug":"willy-monteiro-un-cortometraggio-per-ricordare-leroe-ucciso-a-roma","status":"publish","type":"post","link":"https:\/\/www.area-press.eu\/comunicatistampa\/2020\/12\/14\/willy-monteiro-un-cortometraggio-per-ricordare-leroe-ucciso-a-roma\/","title":{"rendered":"WILLY MONTEIRO, UN CORTOMETRAGGIO PER RICORDARE L\u2019EROE UCCISO A ROMA"},"content":{"rendered":"<p><em>La Side Academy di Verona lavora ad un progetto diretto da Sarah Arduini, vincitrice dell\u2019Oscar. Il CEO e fondatore, Stefano Siganakis: \u201cI protagonisti saranno degli alieni, \u00e8 il nostro modo di riflettere su razzismo e bullismo\u201d. Se ne parler\u00e0 all\u2019Open Day del 19 dicembre<\/em><\/p>\n<p>&nbsp;<\/p>\n<p>Willy Monteiro Duarte aveva 21 anni, faceva il cuoco e pensava che fosse normale aiutare un amico in difficolt\u00e0. Lo scorso 6 settembre \u00e8 stato ucciso a Colleferro (Roma) durante un pestaggio. La brutalit\u00e0 dell\u2019aggressione ha avuto un forte impatto sull&#8217;opinione pubblica italiana, tanto che il Presidente della Repubblica Sergio Mattarella gli ha conferito la Medaglia d&#8217;oro al valor civile alla memoria.<\/p>\n<p>Un episodio che presto diventer\u00e0 un cartone animato, in un cortometraggio che in questi giorni sta prendendo forma a Verona, dove ha sede Side Academy, la prima accademia italiana con percorsi formativi triennali indirizzati alla formazione di figure professionali altamente specializzate nel settore del cinema, del cinema d\u2019animazione, degli effetti speciali, dell\u2019advertising e dei videogame.<\/p>\n<p>A dirigere il progetto due figure leggendarie per gli addetti ai lavori: per chi ama l\u2019animazione Sarah Arduini, supervisore Disney, \u00e8 l\u2019italiana capace di vincere l\u2019Oscar con \u201cIl Libro della Giungla\u201d e candidata per \u201cIl Re Leone\u201d; per chi ama invece il live action, i Marvel movie e gli effetti speciali Kevin Mannens, candidato all\u2019Oscar con Alice nel Paese delle meraviglie e poi due geni della computer grafica come Francesco Latini e Simone Ceccacci, top trainer per Side Academy. Saranno loro a guidare 25 studenti, quelli del secondo anno, che materialmente realizzeranno il cortometraggio. L\u2019obiettivo \u00e8 quello di presentare l\u2019opera a festival importanti come il festival del cinema di Venezia o lo Student Academy Award (ossia il premio Oscar per gli studenti).<\/p>\n<p>Il fondatore di Side Academy, Stefano Siganakis, \u00e8 orgoglioso del progetto. \u201cVolevamo parlare di razzismo e bullismo, la storia di Willy ci ha commosso\u201d, spiega. \u201cAbbiamo creato un racconto per immagini, ambientato in un mondo alieno, dove c\u2019\u00e8 chi \u00e8 diverso dagli altri e per questo viene bullizzato e picchiato. Ma abbiamo cancellato la violenza cruda, quando inizia il pestaggio si apre un altro mondo. La svolta \u00e8 quando il protagonista capisce che sta creando lui stesso il mostro, infatti pi\u00f9 lo picchia pi\u00f9 diventa grande e spaventoso, ed ecco la rivelazione: sar\u00e0 il suo semplice abbraccio a sconfiggerlo\u201d.<\/p>\n<p>Il progetto sar\u00e0 presentato ufficialmente il prossimo 19 dicembre, in occasione dell\u2019Open day alla \u201cBocconi\u201d della creativit\u00e0 di Verona. L\u2019evento sar\u00e0 in parte in presenza e in parte live streaming: solo 30 studenti potranno partecipare, gli altri saranno connessi on line. Le iscrizioni all\u2019anno accademico 2020\/2021 apriranno il 21 dicembre per permettere agli studenti di approfittare di una agevolazione speciale pensata per l\u2019emergenza Covid. Per presentare i corsi e il progetto dedicato a Willy ci sar\u00e0 anche Sarah Arduini. \u201cSono orgogliosa di lavorare a questa iniziativa \u2013 dice &#8211; che permette di usare gli strumenti del 3D a fini educativi. La tragedia di Willy mi ha scosso personalmente, certi episodi non dovrebbero mai accadere\u201d.<\/p>\n<p>&nbsp;<\/p>\n<p>&nbsp;<\/p>\n<p>&nbsp;<\/p>\n<p><u>SCHEDA SIDE ACADEMY<\/u> Side Academy ha sede a Verona, in centro storico, ospitata in un edificio del Cinquecento, che ospit\u00f2 numerosi personaggi illustri tra i quali anche Luigi XVIII. L\u2019Accademia ormai \u00e8 consolidata con un unico indirizzo di computer grafica per il cinema e il videogame e accoglie nell&#8217;anno accademico 2020\/2021 circa 100 studenti. Side Academy propone percorsi formativi indirizzati alla formazione di figure professionali altamente specializzate nel settore del cinema, del cinema d\u2019animazione, degli effetti speciali, dell\u2019advertising e dei videogame.\u00a0 Molti dei suoi ex studenti sono oggi artisti che lavorano nelle aziende pi\u00f9 famose al mondo, dalla Walt Disney alla Marvel fino a Ducati. I docenti sono \u201ctop trainer\u201d del settore e molti hanno vinto premi Oscar. Oltre all\u2019accademia formativa, nello stabile c\u2019\u00e8 anche uno studio di animazione, battezzato \u201cSide Animation Studio\u201d, che si occupa di animazione e computer grafica e che cura progetti per molti marchi importanti come Disney, Ducati, Warner Bros, Dc Comics, Panini, Gardaland. Informazioni e contatti su www.sideacademy.com<\/p>\n<p><u>SCHEDA SARAH ARDUINI<\/u> Sarah Arduini \u00e8 una leggenda per chi ama l\u2019animazione: ha lavorato nelle pi\u00f9 prestigiose societ\u00e0 di VFX a Londra, vincendo insieme al team di MPC, l&#8217;Oscar per migliori VFX per il film Jungle Book della Disney e dopo aver dato il suo contributo al film &#8220;Legend of Tarzan&#8221; continua nella scia &#8220;disneyana&#8221; lavorando al film The Beauty &amp; Beast. Conquista il campo Marvel con \u201cGuardians of the Galaxy 2\u201d per poi raggiungere la famosa societ\u00e0 Industrial Light &amp; Magic. con \u201cThe Last Jedi\u201d, \u201cStar wars\u201d e i dinosauri in \u201cJurassic World\u201d.<\/p>\n<p><u>SCHEDA KEVIN MANNENS<\/u> Kevin Mannens \u00e8 un Technical Director e designer di effetti visivi nominato all&#8217;Oscar e vincitore dell&#8217;Annie Award, che ha contribuito a una dozzina di film di successo di Hollywood. Durante la sua carriera, Mannens ha lavorato presso le principali strutture di effetti visivi del mondo, tra cui Industrial Light and Magic, Moving Picture Company e Sony Pictures Imageworks. I suoi crediti includono Transformers: Age of Extinction, Captain America: The Winter Soldier, Pacific Rim, The Amazing Spiderman e Alice in Wonderland(per il quale Imageworks ha ricevuto l&#8217;Oscar). Come parte del team FX di ILM, Mannens ha ricevuto il premio Annie 2014 per &#8220;Outstanding Achievement in Animated Effects in a Live Action Production&#8221; per il suo lavoro su Pacific Rim. Prima di tutto uno storyteller visivo, Kevin parla fluentemente vari media dall&#8217;animazione 3D e VFX all&#8217;azione live e alla realt\u00e0 virtuale.<\/p>\n<p><u>SCHEDA FRANCESCO LATINI<\/u> Francesco Latini comincia il suo percorso nel mondo del 3D sviluppando progetti per il settore dell\u2019archittetura. Presso una nota azienda europea, ha lavorato come 3D Artist, per asset di moda, automotive e interior. Ha oltre 10 anni di esperienza e ha sviluppato competenze nella modellazione 3D, nel digital sculpting e nel grooming, collabora tuttora con professionisti del settore cinematografico. Ha curato progetti per Ducati, Ferrero, Marks &amp; Spencer, American Girl (Mattel), Bottega Veneta, Armani, Furla, Ferrari.<\/p>\n<p><u>SCHEDA SIMONE CECCACCI<\/u> Simone Ceccacci inizia la sua carriera dopo aver conseguito la laurea in architettura presso L\u2019Universit\u00e0 la Sapienza di Roma. Grazie alla passione per il teatro ed il mondo 3D, solo un anno pi\u00f9 tardi diventer\u00e0 l\u2019elemento di punta di una multinazionale, che opera anche nel campo dell\u2019advertising a livello Europeo. Oggi mette a servizio degli studenti di Side Academy tutta l\u2019esperienza conseguita nei suoi sette anni di lavoro come 3D Artist di livello internazionale. Ha curato progetti per Ducati, Ferrero, Marks &amp; Spencer, American Girl (Mattel), Bottega Veneta, Armani, Furla.<\/p>\n<p>&nbsp;<\/p>\n<p>&nbsp;<\/p>\n","protected":false},"excerpt":{"rendered":"<p>La Side Academy di Verona lavora ad un progetto diretto da Sarah Arduini, vincitrice dell\u2019Oscar. Il CEO e fondatore, Stefano Siganakis: \u201cI protagonisti saranno degli alieni, \u00e8 il nostro modo di riflettere su razzismo e bullismo\u201d. Se ne parler\u00e0 all\u2019Open Day del 19 dicembre &nbsp; Willy Monteiro Duarte aveva 21 anni, faceva il cuoco e [&hellip;]<\/p>\n","protected":false},"author":5200,"featured_media":0,"comment_status":"open","ping_status":"open","sticky":false,"template":"","format":"standard","meta":{"footnotes":""},"categories":[4],"tags":[],"class_list":["post-55305","post","type-post","status-publish","format-standard","hentry","category-attualita-e-societa"],"_links":{"self":[{"href":"https:\/\/www.area-press.eu\/comunicatistampa\/wp-json\/wp\/v2\/posts\/55305","targetHints":{"allow":["GET"]}}],"collection":[{"href":"https:\/\/www.area-press.eu\/comunicatistampa\/wp-json\/wp\/v2\/posts"}],"about":[{"href":"https:\/\/www.area-press.eu\/comunicatistampa\/wp-json\/wp\/v2\/types\/post"}],"author":[{"embeddable":true,"href":"https:\/\/www.area-press.eu\/comunicatistampa\/wp-json\/wp\/v2\/users\/5200"}],"replies":[{"embeddable":true,"href":"https:\/\/www.area-press.eu\/comunicatistampa\/wp-json\/wp\/v2\/comments?post=55305"}],"version-history":[{"count":1,"href":"https:\/\/www.area-press.eu\/comunicatistampa\/wp-json\/wp\/v2\/posts\/55305\/revisions"}],"predecessor-version":[{"id":55306,"href":"https:\/\/www.area-press.eu\/comunicatistampa\/wp-json\/wp\/v2\/posts\/55305\/revisions\/55306"}],"wp:attachment":[{"href":"https:\/\/www.area-press.eu\/comunicatistampa\/wp-json\/wp\/v2\/media?parent=55305"}],"wp:term":[{"taxonomy":"category","embeddable":true,"href":"https:\/\/www.area-press.eu\/comunicatistampa\/wp-json\/wp\/v2\/categories?post=55305"},{"taxonomy":"post_tag","embeddable":true,"href":"https:\/\/www.area-press.eu\/comunicatistampa\/wp-json\/wp\/v2\/tags?post=55305"}],"curies":[{"name":"wp","href":"https:\/\/api.w.org\/{rel}","templated":true}]}}