{"id":55294,"date":"2020-12-13T21:26:19","date_gmt":"2020-12-13T20:26:19","guid":{"rendered":"https:\/\/www.area-press.eu\/comunicatistampa\/?p=55294"},"modified":"2020-12-17T17:10:10","modified_gmt":"2020-12-17T16:10:10","slug":"max-elli-vivere-o-morire-in-radio-il-primo-singolo-in-italiano-del-cantautore-musicista-e-produttore-milanese","status":"publish","type":"post","link":"https:\/\/www.area-press.eu\/comunicatistampa\/2020\/12\/13\/max-elli-vivere-o-morire-in-radio-il-primo-singolo-in-italiano-del-cantautore-musicista-e-produttore-milanese\/","title":{"rendered":"Max Elli \u201cVivere o Morire\u201d in radio il primo singolo in italiano del cantautore, musicista e produttore milanese"},"content":{"rendered":"<p><i><span style=\"font-weight: 400\">Il poliedrico artista gi\u00e0 chitarrista, cantante, songwriter e producer per tanti volti noti del panorama musicale nazionale (Nek, Cremonini, Jovanotti, Jack Jaselli, solo per citarne alcuni), battezza con questo brano pop-rock in lingua italiana una nuova fase, pi\u00f9 libera ed emancipata, del proprio percorso cantautorale.<\/span><\/i><\/p>\n<p><img loading=\"lazy\" decoding=\"async\" class=\"alignnone size-medium aligncenter\" src=\"https:\/\/www.earone.it\/newsimages\/max-elli-vivere-o-morire.jpg___th_320_0.jpg\" width=\"320\" height=\"320\" \/><\/p>\n<p><b>\u201cVivere o morire\u201d,<\/b><span style=\"font-weight: 400\"> il nuovo brano di <\/span><b>Max Elli<\/b><span style=\"font-weight: 400\">, invita ad <\/span><b>evadere dalla propria \u201ccomfort zone\u201d<\/b><span style=\"font-weight: 400\"> per non rimanere ingabbiati in una vita fatta di frasi e comportamenti preimpostati, figli della paura di affrontare ed affrontarsi.<\/span><\/p>\n<p><span style=\"font-weight: 400\">L\u2019 incedere incalzante della musica nelle strofe, con la <\/span><b>cassa a fare da motore<\/b><span style=\"font-weight: 400\"> del brano insieme a <\/span><b>basso e chitarre<\/b><span style=\"font-weight: 400\">, prepara l\u2019esplosione degli incisi con atmosfere pi\u00f9 aperte al <\/span><b>pop di matrice anglosassone. <\/b><span style=\"font-weight: 400\">L\u2019arrangiamento \u00e8 raffinato e mai banale sia nella parte dello special, con il tappeto di<\/span><b> cori <\/b><span style=\"font-weight: 400\">ad accompagnare la voce, che nell\u2019intro, con il <\/span><b>synth ipnotico<\/b><span style=\"font-weight: 400\"> che si incastra in maniera inaspettata con la ritmica.<\/span><\/p>\n<p>&nbsp;<\/p>\n<p><span style=\"font-weight: 400\">Max Elli, chitarrista, cantante, produttore e songwriter per molti dei pi\u00f9 grandi artisti del panorama nazionale (<\/span><b>Nek, Cesare Cremonini, Chiara Galiazzo, Jovanotti, Gu\u00e8 Pequeno, Jack Jaselli e molti altri<\/b><span style=\"font-weight: 400\">), \u00e8 qui in veste di cantautore (<\/span><b>per la prima volta in italiano<\/b><span style=\"font-weight: 400\">), musicista e produttore, del suo nuovo singolo:\u00a0<\/span><\/p>\n<p>&nbsp;<\/p>\n<p><i><span style=\"font-weight: 400\">\u00abDopo l\u2019album \u201cGet The Love You Want\u201d del 2018, interamente in inglese, l\u2019esigenza era quella di portare il <\/span><\/i><b><i>songwriting in una sfera pi\u00f9 ampia e libera<\/i><\/b><i><span style=\"font-weight: 400\">. Usare l\u2019italiano non \u00e8 stata una scelta a tavolino, ma una conseguenza di un messaggio che \u00e8 sicuramente pi\u00f9 forte se espresso nella lingua di appartenenza. \u00c8 semplicemente uscita cos\u00ec e, in un momento come questo, credo sia importante lasciarsi andare e cercare di esprimersi con pi\u00f9 verit\u00e0 possibile, solo se si hanno davvero delle cose da dire\u00bb.<\/span><\/i><\/p>\n<p>&nbsp;<\/p>\n<p><b>Credits: scritto, suonato, prodotto e mixato da Max Elli presso il Good Persian Studio (MI)<\/b><\/p>\n<p><b>Masterizzato da Pietro Caramelli presso Energy Mastering Milano<\/b><\/p>\n<p>&nbsp;<\/p>\n<p><iframe loading=\"lazy\" title=\"Max Elli - Vivere o Morire (Official Video)\" width=\"500\" height=\"281\" src=\"https:\/\/www.youtube.com\/embed\/qerSTegaFfQ?feature=oembed\" frameborder=\"0\" allow=\"accelerometer; autoplay; clipboard-write; encrypted-media; gyroscope; picture-in-picture; web-share\" referrerpolicy=\"strict-origin-when-cross-origin\" allowfullscreen><\/iframe><\/p>\n<p>&nbsp;<\/p>\n<p><b>Radio date: 4 dicembre 2020<\/b><\/p>\n<p><b>Autoproduzione<\/b><\/p>\n<p>&nbsp;<\/p>\n<p><b>BIO<\/b><\/p>\n<p><b>Max Elli<\/b><span style=\"font-weight: 400\"> \u00e8 un <\/span><b>chitarrista, cantante, compositore, arrangiatore e produttore italiano. <\/b><span style=\"font-weight: 400\">Collabora<\/span> <span style=\"font-weight: 400\">con svariati nomi del panorama musicale italiano ed internazionale tra i quali <\/span><b>Nek, Cesare Cremonini, Nek-Renga-Pezzali, Gue Pequeno, Jack Jaselli, Jovanotti, Niccolo Agliardi, Alessandro Casillo, Chiara Galiazzo, Francesco Sarcina, Marianne Mirage, Lodovica Comello, Greta, Verdiana, Orpheline, Sinplus e Nat Jenkins.\u00a0<\/b><\/p>\n<p><span style=\"font-weight: 400\">Scrive, arrangia, suona e produce la colonna sonora di <\/span><b>\u201cBraccialetti Rossi\u201d<\/b><span style=\"font-weight: 400\"> e <\/span><b>\u201cBraccialetti Rossi 2\u201d<\/b><span style=\"font-weight: 400\"> per la Rai. Dal 2011 entra a far parte stabilmente del progetto di <\/span><b>Jack Jaselli<\/b><span style=\"font-weight: 400\">, come chitarrista e produttore per l\u2019album <\/span><b>\u201cI need the sea because it teaches me\u201d.<\/b><span style=\"font-weight: 400\"> Ne segue un lungo tour che poi sfocia nella registrazione del nuovo album \u201cMonster Moon\u201d dove Max partecipa alla composizione, suona tutte le chitarre, i bassi e arrangia insieme a Jack le nuove tracce prodotte da Ran Pink ai Fonogenic studios di Los Angeles. \u00c8 anche coautore insieme a Jack del brano \u201cIn Fondo alla Notte\u201d e coautore, chitarrista, bassista e produttore del suo ultimo singolo \u201cUltimo Addio\u201d. A marzo 2018 l\u2019artista pubblica il suo primo album (in lingua inglese) \u201c<\/span><b>Get The Love You Want\u201d,<\/b><span style=\"font-weight: 400\"> anticipato dall\u2019omonimo singolo. Max Elli \u00e8 inoltre insegnante al <\/span><b>CPM di Milano<\/b><span style=\"font-weight: 400\"> ed endorser delle <\/span><b>chitarre Duesenberg, D\u2019addario.<\/b><\/p>\n<p>&nbsp;<\/p>\n<p><b>Contatti e social<\/b><\/p>\n<p><b>Instagram\u00a0 <\/b><a href=\"http:\/\/www.instagram.com\/maxelli\/\"><b>www.instagram.com\/maxelli\/<\/b><\/a><\/p>\n<p><b>Facebook <\/b><a href=\"https:\/\/www.facebook.com\/maxelliofficial\"><b>https:\/\/www.facebook.com\/maxelliofficial<\/b><\/a><\/p>\n","protected":false},"excerpt":{"rendered":"<p>Il poliedrico artista gi\u00e0 chitarrista, cantante, songwriter e producer per tanti volti noti del panorama musicale nazionale (Nek, Cremonini, Jovanotti, Jack Jaselli, solo per citarne alcuni), battezza con questo brano pop-rock in lingua italiana una nuova fase, pi\u00f9 libera ed emancipata, del proprio percorso cantautorale. \u201cVivere o morire\u201d, il nuovo brano di Max Elli, invita [&hellip;]<\/p>\n","protected":false},"author":4383,"featured_media":0,"comment_status":"open","ping_status":"open","sticky":false,"template":"","format":"standard","meta":{"footnotes":""},"categories":[12],"tags":[4244,28683,690,15373,3583],"class_list":["post-55294","post","type-post","status-publish","format-standard","hentry","category-musica","tag-cantautorato","tag-max-elli","tag-nuovo-singolo","tag-pop-rock","tag-video"],"_links":{"self":[{"href":"https:\/\/www.area-press.eu\/comunicatistampa\/wp-json\/wp\/v2\/posts\/55294","targetHints":{"allow":["GET"]}}],"collection":[{"href":"https:\/\/www.area-press.eu\/comunicatistampa\/wp-json\/wp\/v2\/posts"}],"about":[{"href":"https:\/\/www.area-press.eu\/comunicatistampa\/wp-json\/wp\/v2\/types\/post"}],"author":[{"embeddable":true,"href":"https:\/\/www.area-press.eu\/comunicatistampa\/wp-json\/wp\/v2\/users\/4383"}],"replies":[{"embeddable":true,"href":"https:\/\/www.area-press.eu\/comunicatistampa\/wp-json\/wp\/v2\/comments?post=55294"}],"version-history":[{"count":1,"href":"https:\/\/www.area-press.eu\/comunicatistampa\/wp-json\/wp\/v2\/posts\/55294\/revisions"}],"predecessor-version":[{"id":55296,"href":"https:\/\/www.area-press.eu\/comunicatistampa\/wp-json\/wp\/v2\/posts\/55294\/revisions\/55296"}],"wp:attachment":[{"href":"https:\/\/www.area-press.eu\/comunicatistampa\/wp-json\/wp\/v2\/media?parent=55294"}],"wp:term":[{"taxonomy":"category","embeddable":true,"href":"https:\/\/www.area-press.eu\/comunicatistampa\/wp-json\/wp\/v2\/categories?post=55294"},{"taxonomy":"post_tag","embeddable":true,"href":"https:\/\/www.area-press.eu\/comunicatistampa\/wp-json\/wp\/v2\/tags?post=55294"}],"curies":[{"name":"wp","href":"https:\/\/api.w.org\/{rel}","templated":true}]}}