{"id":5527,"date":"2016-01-22T22:26:41","date_gmt":"2016-01-22T21:26:41","guid":{"rendered":"http:\/\/www.area-press.eu\/comunicatistampa\/?p=5527"},"modified":"2016-01-22T22:26:41","modified_gmt":"2016-01-22T21:26:41","slug":"la-maschera-horror-piu-originale-per-carnevale-e-halloween","status":"publish","type":"post","link":"https:\/\/www.area-press.eu\/comunicatistampa\/2016\/01\/22\/la-maschera-horror-piu-originale-per-carnevale-e-halloween\/","title":{"rendered":"La maschera horror pi\u00f9 originale per Carnevale e Halloween"},"content":{"rendered":"<p>Le <strong><a href=\"http:\/\/www.divertilandia.it\/categorie\/maschere-horror.php\">maschere horror per Carnevale e Halloween<\/a><\/strong> sono un vero classico, non \u00e8 possibile pensare ad un <strong>costume<\/strong> per l\u2019ultima notte di ottobre senza il suo risvolto <strong>macabro spaventoso<\/strong>. Tutto ci\u00f2 \u00e8 reso possibile dalle origini della festa stessa.<\/p>\n<p>Halloween nasce dalla notte in cui Stingy Jack incontra e vende la sua anima al diavolo per pagarsi i debiti di gioco, un antico Dorian Gray insomma. La storia viene poi tramandata come leggenda di Jack O\u2019Lantern, cos\u00ec soprannominato in quanto nella leggenda, l\u2019uomo inganna il diavolo stipulando patti continui con lui e alla morte viene rinnegato da Lucifero stesso che lo rimanda sulla Terra scagliando su di lui un carbone ardente che Jack user\u00e0, posto in una zucca, come luce del suo cammino.<\/p>\n<p>Ma come tutto ci\u00f2 si lega all\u2019horror?<\/p>\n<h2>Le maschere horror per Halloween e Jack O\u2019Lantern<\/h2>\n<p>Come \u00e8 facile pensare, se non immediato, la storia di Jack O\u2019Lantern \u00e8 il primo film horror di Halloween. Parole come: patto con il diavolo e vendere l\u2019anima rimandano la nostra mente a un idea di macabro, occulto, dannato e soprannaturale. Jack \u00e8 a pieno titolo la prima maschera horror per Halloween. Dal suo personaggio si \u00e8 poi passati a riti dapprima legati alla sua storia: zucca, diavolo, spiriti, demoni e poi si \u00e8 generalizzato la categoria della vera leggenda al genere dello spaventoso: l\u2019horror appunto.<\/p>\n<p>Questo processo \u00e8 in piena continuit\u00e0 con la storia e con la festivit\u00e0 di Halloween, le maschere horror, inoltre, hanno riscosso un duplice successo perch\u00e9 aiutate da due fenomeni: la diffusione dell\u2019omonimo processo cinematografico e l\u2019uso imitativo della festa che per sua natura non si situa nella tradizione europea. Questo provoca una grande risonanza, infatti se si vuole imitare qualcuno o qualcosa e la proposta arriva da una fonte stimata da tutti, l\u2019imitazione non potr\u00e0 che avere grande risonanza e a sua volta un forte potere imitativo, esattamente quello che \u00e8 successo in questa occasione grazie al \u201cmito americano\u201d.<\/p>\n","protected":false},"excerpt":{"rendered":"<p>Le maschere horror per Carnevale e Halloween sono un vero classico, non \u00e8 possibile pensare ad un costume per l\u2019ultima notte di ottobre senza il suo risvolto macabro spaventoso. Tutto ci\u00f2 \u00e8 reso possibile dalle origini della festa stessa. Halloween nasce dalla notte in cui Stingy Jack incontra e vende la sua anima al diavolo [&hellip;]<\/p>\n","protected":false},"author":1030,"featured_media":0,"comment_status":"open","ping_status":"open","sticky":false,"template":"","format":"standard","meta":{"footnotes":""},"categories":[6],"tags":[],"class_list":["post-5527","post","type-post","status-publish","format-standard","hentry","category-ecommerce"],"_links":{"self":[{"href":"https:\/\/www.area-press.eu\/comunicatistampa\/wp-json\/wp\/v2\/posts\/5527","targetHints":{"allow":["GET"]}}],"collection":[{"href":"https:\/\/www.area-press.eu\/comunicatistampa\/wp-json\/wp\/v2\/posts"}],"about":[{"href":"https:\/\/www.area-press.eu\/comunicatistampa\/wp-json\/wp\/v2\/types\/post"}],"author":[{"embeddable":true,"href":"https:\/\/www.area-press.eu\/comunicatistampa\/wp-json\/wp\/v2\/users\/1030"}],"replies":[{"embeddable":true,"href":"https:\/\/www.area-press.eu\/comunicatistampa\/wp-json\/wp\/v2\/comments?post=5527"}],"version-history":[{"count":1,"href":"https:\/\/www.area-press.eu\/comunicatistampa\/wp-json\/wp\/v2\/posts\/5527\/revisions"}],"predecessor-version":[{"id":5529,"href":"https:\/\/www.area-press.eu\/comunicatistampa\/wp-json\/wp\/v2\/posts\/5527\/revisions\/5529"}],"wp:attachment":[{"href":"https:\/\/www.area-press.eu\/comunicatistampa\/wp-json\/wp\/v2\/media?parent=5527"}],"wp:term":[{"taxonomy":"category","embeddable":true,"href":"https:\/\/www.area-press.eu\/comunicatistampa\/wp-json\/wp\/v2\/categories?post=5527"},{"taxonomy":"post_tag","embeddable":true,"href":"https:\/\/www.area-press.eu\/comunicatistampa\/wp-json\/wp\/v2\/tags?post=5527"}],"curies":[{"name":"wp","href":"https:\/\/api.w.org\/{rel}","templated":true}]}}