{"id":55133,"date":"2020-12-08T17:51:01","date_gmt":"2020-12-08T16:51:01","guid":{"rendered":"https:\/\/www.area-press.eu\/comunicatistampa\/?p=55133"},"modified":"2020-12-08T17:51:01","modified_gmt":"2020-12-08T16:51:01","slug":"cane-vaccini-obbligatori-e-facoltativi","status":"publish","type":"post","link":"https:\/\/www.area-press.eu\/comunicatistampa\/2020\/12\/08\/cane-vaccini-obbligatori-e-facoltativi\/","title":{"rendered":"Cane, vaccini obbligatori e facoltativi"},"content":{"rendered":"<p><span style=\"font-family: verdana, geneva, sans-serif\">Vaccinare il cane: un obbligo da assolvere per legge, certo, ma soprattutto un importante gesto d&#8217;amore verso un amico affettuoso e fidato. <\/span><\/p>\n<p><span style=\"font-family: verdana, geneva, sans-serif\">Il vaccino, infatti, rappresenta l&#8217;unico modo per proteggerlo da malattie infettive gravissime, contagiose e mortali. <\/span><\/p>\n<p><span style=\"font-family: verdana, geneva, sans-serif\">Contro queste patologie al momento non \u00e8 stata trovata alcuna cura: per il loro elevato grado di trasmissibilit\u00e0, qualsiasi cane pu\u00f2 esserne colpito. <\/span><\/p>\n<p><span style=\"font-family: verdana, geneva, sans-serif\">Quindi, anche se il tuo cane non esce mai di casa e non viene mai a contatto con altri cani, non rischiare: portalo subito dal veterinario per le procedure del caso. <\/span><\/p>\n<h2><span style=\"font-family: verdana, geneva, sans-serif\">I vaccini per i cani sono di due tipi: obbligatori e non obbligatori. <\/span><\/h2>\n<p><span style=\"font-family: verdana, geneva, sans-serif\">Appartengono al primo gruppo le profilassi di base che devono essere eseguite obbligatoriamente per legge su tutti i cani, ovvero cimurro, epatite infettiva, parvovirosi e leptospirosi; sono, invece, facoltativi i vaccini che, come la tosse dei canili e la leishmania, interessano solo i soggetti che vivono in particolari contesti. <\/span><\/p>\n<p><span style=\"font-family: verdana, geneva, sans-serif\">Chiedi consiglio al tuo veterinario. Per la vaccinazione antirabbica, il discorso \u00e8 pi\u00f9 complesso: sul territorio italiano \u00e8 attualmente facoltativa (ma la situazione \u00e8 continuamente soggetta a cambiamenti, dato che potrebbero aumentare i focolai) e questa vaccinazione \u00e8 consigliata solo in alcune zone della penisola considerate &#8220;a rischio&#8221;. <\/span><\/p>\n<p><span style=\"font-family: verdana, geneva, sans-serif\">In caso di viaggi all&#8217;estero, invece, l&#8217;antirabbica viene richiesta obbligatoriamente, ed \u00e8 fondamentale ai fini del rilascio del Passaporto Europeo per animali domestici. <\/span><\/p>\n<p><span style=\"font-family: verdana, geneva, sans-serif\">A questo punto sorge spontaneo chiedersi: qual \u00e8 il momento giusto per vaccinare il cane? <\/span><\/p>\n<p><span style=\"font-family: verdana, geneva, sans-serif\">La risposta \u00e8: prima possibile! I cuccioli possono essere vaccinati gi\u00e0 dal cinquantesimo giorno di vita (anche prima, per alcuni particolari vaccini). <\/span><\/p>\n<p><span style=\"font-family: verdana, geneva, sans-serif\">Il veterinario eseguir\u00e0 ogni vaccino con le procedure, i prodotti e le tempistiche pi\u00f9 corrette. <\/span><\/p>\n<p><span style=\"font-family: verdana, geneva, sans-serif\">Una volta somministrato, ogni vaccino ha una durata limitata nel tempo: a seconda del caso specifico, la copertura \u00e8 assicurata per 6,12, 24 o 36 mesi. <\/span><\/p>\n<p><span style=\"font-family: verdana, geneva, sans-serif\">Il veterinario annoter\u00e0 sul libretto delle vaccinazioni la relativa scadenza, raggiunta la quale dovrai sottoporre il tuo peloso ad una nuova somministrazione. <\/span><\/p>\n<p><span style=\"font-family: verdana, geneva, sans-serif\">Rispetta sempre le scadenze dei richiami: \u00e8 indispensabile per garantire al tuo migliore amico una protezione efficace.<\/span><\/p>\n<h2><a href=\"https:\/\/www.ambvetaleandri.eu\/index.php\/blog\/100-cane-quali-sono-le-vaccinazioni-principali\"><span style=\"font-family: verdana, geneva, sans-serif\">Per saperne di pi\u00f9 su dove vaccinare il cane a Roma &gt;&gt;<\/span><\/a><\/h2>\n","protected":false},"excerpt":{"rendered":"<p>Vaccinare il cane: un obbligo da assolvere per legge, certo, ma soprattutto un importante gesto d&#8217;amore verso un amico affettuoso e fidato. Il vaccino, infatti, rappresenta l&#8217;unico modo per proteggerlo da malattie infettive gravissime, contagiose e mortali. Contro queste patologie al momento non \u00e8 stata trovata alcuna cura: per il loro elevato grado di trasmissibilit\u00e0, [&hellip;]<\/p>\n","protected":false},"author":2944,"featured_media":0,"comment_status":"open","ping_status":"open","sticky":false,"template":"","format":"standard","meta":{"footnotes":""},"categories":[5],"tags":[28649],"class_list":["post-55133","post","type-post","status-publish","format-standard","hentry","category-aziendali","tag-vaccini-cane"],"_links":{"self":[{"href":"https:\/\/www.area-press.eu\/comunicatistampa\/wp-json\/wp\/v2\/posts\/55133","targetHints":{"allow":["GET"]}}],"collection":[{"href":"https:\/\/www.area-press.eu\/comunicatistampa\/wp-json\/wp\/v2\/posts"}],"about":[{"href":"https:\/\/www.area-press.eu\/comunicatistampa\/wp-json\/wp\/v2\/types\/post"}],"author":[{"embeddable":true,"href":"https:\/\/www.area-press.eu\/comunicatistampa\/wp-json\/wp\/v2\/users\/2944"}],"replies":[{"embeddable":true,"href":"https:\/\/www.area-press.eu\/comunicatistampa\/wp-json\/wp\/v2\/comments?post=55133"}],"version-history":[{"count":1,"href":"https:\/\/www.area-press.eu\/comunicatistampa\/wp-json\/wp\/v2\/posts\/55133\/revisions"}],"predecessor-version":[{"id":55134,"href":"https:\/\/www.area-press.eu\/comunicatistampa\/wp-json\/wp\/v2\/posts\/55133\/revisions\/55134"}],"wp:attachment":[{"href":"https:\/\/www.area-press.eu\/comunicatistampa\/wp-json\/wp\/v2\/media?parent=55133"}],"wp:term":[{"taxonomy":"category","embeddable":true,"href":"https:\/\/www.area-press.eu\/comunicatistampa\/wp-json\/wp\/v2\/categories?post=55133"},{"taxonomy":"post_tag","embeddable":true,"href":"https:\/\/www.area-press.eu\/comunicatistampa\/wp-json\/wp\/v2\/tags?post=55133"}],"curies":[{"name":"wp","href":"https:\/\/api.w.org\/{rel}","templated":true}]}}